{"id":17748,"date":"2023-12-11T17:41:40","date_gmt":"2023-12-11T20:41:40","guid":{"rendered":"https:\/\/radiostudiow.com.br\/site\/?p=17748"},"modified":"2025-01-31T15:02:27","modified_gmt":"2025-01-31T18:02:27","slug":"idosa-de-92-anos-acamada-e-agredida-por-cuidadora-em-sao-mateus-do-sul","status":"publish","type":"post","link":"https:\/\/radiostudiow.com.br\/site\/2023\/12\/11\/idosa-de-92-anos-acamada-e-agredida-por-cuidadora-em-sao-mateus-do-sul\/","title":{"rendered":"IDOSA DE 92 ANOS ACAMADA \u00c9 AGREDIDA POR CUIDADORA EM S\u00c3O MATEUS DO SUL"},"content":{"rendered":"\n<p>A equipe da Pol\u00edcia Militar de S\u00e3o Mateus do Sul realizava patrulhamento ao ser abordada por uma mulher nesse domingo, 10 de Dezembro, a qual informou que a\u00a0<strong>cuidadora de idosos estava maltratando a sua m\u00e3e de 92 anos<\/strong>.<\/p>\n\n\n\n<figure class=\"wp-block-image size-full\"><img decoding=\"async\" src=\"https:\/\/radiostudiow.com.br\/site\/wp-content\/uploads\/2023\/10\/SITE-GRANDE5.png\" alt=\"\" class=\"wp-image-16372\"\/><\/figure>\n\n\n\n<p>Segundo a mulher, a cuidadora reside na casa da v\u00edtima h\u00e1 cerca de dois meses e que&nbsp;<strong>a fam\u00edlia vem percebendo hematomas e marcas pelo corpo da v\u00edtima&nbsp;<\/strong>nesse tempo em que ela se encontra trabalhando na resid\u00eancia.<\/p>\n\n\n\n<p>Familiares relataram que&nbsp;<strong>ao visitar a senhora ela chora e fala que est\u00e1 sendo maltratada.&nbsp;<\/strong>Vale ressaltar ainda que a idosa \u00e9 acamada e possui defici\u00eancia motora. Devido a esses sinais apresentados pela aposentada<strong>&nbsp;a fam\u00edlia instalou uma c\u00e2mera de seguran\u00e7a escondida na resid\u00eancia para averiguar como a cuidadora tratava e cuidava da senhora.<\/strong><\/p>\n\n\n\n<p>Por volta das 18:30 horas desse domingo (10), a c\u00e2mera de seguran\u00e7a mostra ela chacoalhando de forma r\u00edspida a idosa. Os policiais de imediato se deslocaram at\u00e9 o local, sendo abordados pela autora do fato, a qual informou que na data de hoje acabou, segundo ela, perdendo a paci\u00eancia e tomando tal atitude.<\/p>\n\n\n\n<figure class=\"wp-block-image size-full\"><img loading=\"lazy\" decoding=\"async\" width=\"598\" height=\"204\" src=\"https:\/\/radiostudiow.com.br\/site\/wp-content\/uploads\/2023\/12\/SITE-MEDIO4.png\" alt=\"\" class=\"wp-image-17598\" srcset=\"https:\/\/radiostudiow.com.br\/site\/wp-content\/uploads\/2023\/12\/SITE-MEDIO4.png 598w, https:\/\/radiostudiow.com.br\/site\/wp-content\/uploads\/2023\/12\/SITE-MEDIO4-300x102.png 300w\" sizes=\"auto, (max-width: 598px) 100vw, 598px\" \/><\/figure>\n\n\n\n<p>A autora relata ainda que j\u00e1 n\u00e3o queria mais trabalhar na resid\u00eancia e que n\u00e3o gosta da idosa da qual \u00e9 paga para cuidar. Devido \u00e0 dificuldade locomotora da idosa a equipe do SAMU foi acionada para dar apoio at\u00e9 o deslocamento ao pronto atendimento municipal para o exame auto de les\u00e3o da senhora.<\/p>\n\n\n\n<p>As duas filhas da idosa, acompanharam a equipe policial at\u00e9 a delegacia para relatar os maus tratos sofridos pela m\u00e3e. A autora do fato foi conduzida at\u00e9 o pronto atendimento municipal e posteriormente at\u00e9 a delegacia para provid\u00eancias cab\u00edveis. N\u00e3o foi necess\u00e1rio o uso da for\u00e7a e nem de algemas na condu\u00e7\u00e3o.<\/p>\n\n\n\n<p><em>Com informa\u00e7\u00f5es Pol\u00edcia Militar<\/em><\/p>\n","protected":false},"excerpt":{"rendered":"<p>A equipe da Pol\u00edcia Militar de S\u00e3o Mateus do Sul realizava patrulhamento ao ser abordada por uma mulher nesse domingo, 10 de Dezembro, a qual informou que a\u00a0cuidadora de idosos estava maltratando a sua m\u00e3e de 92 anos. Segundo a mulher, a cuidadora reside na casa da v\u00edtima h\u00e1 cerca de dois meses e que&nbsp;a [&hellip;]<\/p>\n","protected":false},"author":2,"featured_media":14798,"comment_status":"open","ping_status":"open","sticky":false,"template":"","format":"standard","meta":{"footnotes":""},"categories":[2],"tags":[172],"class_list":["post-17748","post","type-post","status-publish","format-standard","has-post-thumbnail","hentry","category-policial","tag-featured"],"amp_enabled":true,"_links":{"self":[{"href":"https:\/\/radiostudiow.com.br\/site\/wp-json\/wp\/v2\/posts\/17748","targetHints":{"allow":["GET"]}}],"collection":[{"href":"https:\/\/radiostudiow.com.br\/site\/wp-json\/wp\/v2\/posts"}],"about":[{"href":"https:\/\/radiostudiow.com.br\/site\/wp-json\/wp\/v2\/types\/post"}],"author":[{"embeddable":true,"href":"https:\/\/radiostudiow.com.br\/site\/wp-json\/wp\/v2\/users\/2"}],"replies":[{"embeddable":true,"href":"https:\/\/radiostudiow.com.br\/site\/wp-json\/wp\/v2\/comments?post=17748"}],"version-history":[{"count":2,"href":"https:\/\/radiostudiow.com.br\/site\/wp-json\/wp\/v2\/posts\/17748\/revisions"}],"predecessor-version":[{"id":17764,"href":"https:\/\/radiostudiow.com.br\/site\/wp-json\/wp\/v2\/posts\/17748\/revisions\/17764"}],"wp:featuredmedia":[{"embeddable":true,"href":"https:\/\/radiostudiow.com.br\/site\/wp-json\/wp\/v2\/media\/14798"}],"wp:attachment":[{"href":"https:\/\/radiostudiow.com.br\/site\/wp-json\/wp\/v2\/media?parent=17748"}],"wp:term":[{"taxonomy":"category","embeddable":true,"href":"https:\/\/radiostudiow.com.br\/site\/wp-json\/wp\/v2\/categories?post=17748"},{"taxonomy":"post_tag","embeddable":true,"href":"https:\/\/radiostudiow.com.br\/site\/wp-json\/wp\/v2\/tags?post=17748"}],"curies":[{"name":"wp","href":"https:\/\/api.w.org\/{rel}","templated":true}]}}