{"id":17753,"date":"2023-12-11T12:18:06","date_gmt":"2023-12-11T15:18:06","guid":{"rendered":"https:\/\/radiostudiow.com.br\/site\/?p=17753"},"modified":"2025-01-31T15:02:27","modified_gmt":"2025-01-31T18:02:27","slug":"cadaver-e-encontrado-em-plantacao-de-soja-em-mafra","status":"publish","type":"post","link":"https:\/\/radiostudiow.com.br\/site\/2023\/12\/11\/cadaver-e-encontrado-em-plantacao-de-soja-em-mafra\/","title":{"rendered":"CAD\u00c1VER \u00c9 ENCONTRADO EM PLANTA\u00c7\u00c3O DE SOJA EM MAFRA"},"content":{"rendered":"\n<p>A equipe do Corpo de Bombeiros de Mafra foi acionado para o atendimento de uma ocorr\u00eancia de encontro de cad\u00e1ver na localidade de Vila Grein, interior do munic\u00edpio, e enviou uma equipe para o local, que fica a aproximadamente 26 quil\u00f4metros da sede do quartel por volta das 19:00 horas deste s\u00e1bado (9).<\/p>\n\n\n\n<figure class=\"wp-block-image size-full\"><img loading=\"lazy\" decoding=\"async\" width=\"897\" height=\"204\" src=\"https:\/\/radiostudiow.com.br\/site\/wp-content\/uploads\/2023\/10\/SITE-GRANDE3.png\" alt=\"\" class=\"wp-image-16341\" srcset=\"https:\/\/radiostudiow.com.br\/site\/wp-content\/uploads\/2023\/10\/SITE-GRANDE3.png 897w, https:\/\/radiostudiow.com.br\/site\/wp-content\/uploads\/2023\/10\/SITE-GRANDE3-300x68.png 300w, https:\/\/radiostudiow.com.br\/site\/wp-content\/uploads\/2023\/10\/SITE-GRANDE3-768x175.png 768w\" sizes=\"auto, (max-width: 897px) 100vw, 897px\" \/><\/figure>\n\n\n\n<p>Segundo os bombeiros, o corpo de um idoso de 77 anos, identificado como Valdemiro Zylovate, foi encontrado em uma planta\u00e7\u00e3o de soja e j\u00e1 apresentava sinais de decomposi\u00e7\u00e3o e forte odor. Segundo relato de familiares, o idoso morava sozinho e tinha hist\u00f3rico de hipertens\u00e3o.<\/p>\n\n\n\n<p>Ap\u00f3s a constata\u00e7\u00e3o, os bombeiros orientaram os familiares a aguardarem a chegada da Pol\u00edcia Cient\u00edfica. O corpo do idoso foi enterrado na tarde deste domingo (10), no cemit\u00e9rio de Uvaraneira, em Itai\u00f3polis.<\/p>\n","protected":false},"excerpt":{"rendered":"<p>A equipe do Corpo de Bombeiros de Mafra foi acionado para o atendimento de uma ocorr\u00eancia de encontro de cad\u00e1ver na localidade de Vila Grein, interior do munic\u00edpio, e enviou uma equipe para o local, que fica a aproximadamente 26 quil\u00f4metros da sede do quartel por volta das 19:00 horas deste s\u00e1bado (9). Segundo os [&hellip;]<\/p>\n","protected":false},"author":2,"featured_media":10918,"comment_status":"open","ping_status":"open","sticky":false,"template":"","format":"standard","meta":{"footnotes":""},"categories":[185],"tags":[172],"class_list":["post-17753","post","type-post","status-publish","format-standard","has-post-thumbnail","hentry","category-regional","tag-featured"],"amp_enabled":true,"_links":{"self":[{"href":"https:\/\/radiostudiow.com.br\/site\/wp-json\/wp\/v2\/posts\/17753","targetHints":{"allow":["GET"]}}],"collection":[{"href":"https:\/\/radiostudiow.com.br\/site\/wp-json\/wp\/v2\/posts"}],"about":[{"href":"https:\/\/radiostudiow.com.br\/site\/wp-json\/wp\/v2\/types\/post"}],"author":[{"embeddable":true,"href":"https:\/\/radiostudiow.com.br\/site\/wp-json\/wp\/v2\/users\/2"}],"replies":[{"embeddable":true,"href":"https:\/\/radiostudiow.com.br\/site\/wp-json\/wp\/v2\/comments?post=17753"}],"version-history":[{"count":2,"href":"https:\/\/radiostudiow.com.br\/site\/wp-json\/wp\/v2\/posts\/17753\/revisions"}],"predecessor-version":[{"id":17760,"href":"https:\/\/radiostudiow.com.br\/site\/wp-json\/wp\/v2\/posts\/17753\/revisions\/17760"}],"wp:featuredmedia":[{"embeddable":true,"href":"https:\/\/radiostudiow.com.br\/site\/wp-json\/wp\/v2\/media\/10918"}],"wp:attachment":[{"href":"https:\/\/radiostudiow.com.br\/site\/wp-json\/wp\/v2\/media?parent=17753"}],"wp:term":[{"taxonomy":"category","embeddable":true,"href":"https:\/\/radiostudiow.com.br\/site\/wp-json\/wp\/v2\/categories?post=17753"},{"taxonomy":"post_tag","embeddable":true,"href":"https:\/\/radiostudiow.com.br\/site\/wp-json\/wp\/v2\/tags?post=17753"}],"curies":[{"name":"wp","href":"https:\/\/api.w.org\/{rel}","templated":true}]}}