{"id":17765,"date":"2023-12-11T17:53:54","date_gmt":"2023-12-11T20:53:54","guid":{"rendered":"https:\/\/radiostudiow.com.br\/site\/?p=17765"},"modified":"2025-01-31T15:02:27","modified_gmt":"2025-01-31T18:02:27","slug":"dom-odair-miguel-e-ordenado-bispo-em-emocionante-cerimonia-em-irati","status":"publish","type":"post","link":"https:\/\/radiostudiow.com.br\/site\/2023\/12\/11\/dom-odair-miguel-e-ordenado-bispo-em-emocionante-cerimonia-em-irati\/","title":{"rendered":"DOM ODAIR MIGUEL \u00c9 ORDENADO BISPO EM EMOCIONANTE CERIM\u00d4NIA EM IRATI"},"content":{"rendered":"\n<p>Na tarde de sexta-feira (08), Irati e toda a Diocese de Ponta Grossa puderam testemunhar uma emocionante cerim\u00f4nia de ordena\u00e7\u00e3o episcopal do Dom Odair Miguel Gonsalves. O bispo foi pelo Papa Francisco, em agosto, como auxiliar de Porto Alegre. A cerim\u00f4nia aconteceu na Par\u00f3quia S\u00e3o Miguel, em Irati.<\/p>\n\n\n\n<figure class=\"wp-block-image size-full\"><img loading=\"lazy\" decoding=\"async\" width=\"897\" height=\"204\" src=\"https:\/\/radiostudiow.com.br\/site\/wp-content\/uploads\/2023\/10\/SITE-GRANDE3.png\" alt=\"\" class=\"wp-image-16341\" srcset=\"https:\/\/radiostudiow.com.br\/site\/wp-content\/uploads\/2023\/10\/SITE-GRANDE3.png 897w, https:\/\/radiostudiow.com.br\/site\/wp-content\/uploads\/2023\/10\/SITE-GRANDE3-300x68.png 300w, https:\/\/radiostudiow.com.br\/site\/wp-content\/uploads\/2023\/10\/SITE-GRANDE3-768x175.png 768w\" sizes=\"auto, (max-width: 897px) 100vw, 897px\" \/><\/figure>\n\n\n\n<p>A ordena\u00e7\u00e3o teve tr\u00eas bispos ordenantes. O principal foi Dom Jaime Spengler, arcebispo de Porto Alegre (RS) e presidente da CNBB. O bispo de Ponta Grossa, Dom Sergio Arthur Braschi, como anfitri\u00e3o, e Dom Jos\u00e9 Carlos Chacorowski, bispo da Diocese de Caraguatatuba (SP).<\/p>\n\n\n\n<p>Durante a cerim\u00f4nia oficial, Dom Odair expressou toda sua gratid\u00e3o pelos fieis presentes e agradeceu cada pessoa que fez parte de sua hist\u00f3ria.<em> \u201cEstive em Porto Alegre e pude sentir a expectativa e a acolhida pela minha chegada, agrade\u00e7o a cada um. Agrade\u00e7o tamb\u00e9m a minha fam\u00edlia, infelizmente meus pais n\u00e3o est\u00e3o mais conosco, mas pude senti-los e agrade\u00e7o por todos os ensinamentos que me deixaram\u201d.<\/em><\/p>\n\n\n\n<p>Ainda, o bispo aben\u00e7oou todos os fi\u00e9is e pediu ben\u00e7\u00e3os para o seu futuro. <em>\u201cFinalizo pedindo ben\u00e7\u00e3os a Virgem Maria, que ela sempre esteja ao meu lado para servir, atrav\u00e9s do minist\u00e9rio em mim confiado, \u201cServir pela caridade\u201d. Conto com as ora\u00e7\u00f5es de todos e podem contar com as minhas ora\u00e7\u00f5es, fiquei muito feliz com a presen\u00e7a de cada um. Louvado seja nosso Senhor Jesus Cristo\u201d\u00a0<\/em>.<\/p>\n\n\n\n<figure class=\"wp-block-image size-full\"><img loading=\"lazy\" decoding=\"async\" width=\"1024\" height=\"576\" src=\"https:\/\/radiostudiow.com.br\/site\/wp-content\/uploads\/2023\/12\/image-44.png\" alt=\"\" class=\"wp-image-17768\" srcset=\"https:\/\/radiostudiow.com.br\/site\/wp-content\/uploads\/2023\/12\/image-44.png 1024w, https:\/\/radiostudiow.com.br\/site\/wp-content\/uploads\/2023\/12\/image-44-300x169.png 300w, https:\/\/radiostudiow.com.br\/site\/wp-content\/uploads\/2023\/12\/image-44-768x432.png 768w\" sizes=\"auto, (max-width: 1024px) 100vw, 1024px\" \/><\/figure>\n\n\n\n<figure class=\"wp-block-image size-full\"><img decoding=\"async\" src=\"https:\/\/radiostudiow.com.br\/site\/wp-content\/uploads\/2023\/08\/image-127.png\" alt=\"\" class=\"wp-image-14660\"\/><\/figure>\n\n\n\n<p>Em nota oficial, a Diocese explica que a ordena\u00e7\u00e3o teve muita f\u00e9 e emo\u00e7\u00e3o<em>. \u201cDia da Imaculada Concei\u00e7\u00e3o, celebrado no dia 8 de dezembro, invoca a vida e a virtude de Virgem Maria, m\u00e3e de Jesus, concebida sem m\u00e1cula, ou seja, sem a marca do pecado original. Este dia foi marcado tamb\u00e9m pela celebra\u00e7\u00e3o de ordena\u00e7\u00e3o episcopal do novo bispo, o terceiro origin\u00e1rio de Irati. Antes dele, Pedro Filipak que, apesar de ter nascido em Contenda (PR), veio aos cinco anos para a cidade, onde estudou e descobriu a voca\u00e7\u00e3o ao sacerd\u00f3cio, tendo sido ordenado padre por Dom Ant\u00f4nio Mazzarotto, em 1945, na matriz Nossa Senhora da Luz, de Irati. Sua ordena\u00e7\u00e3o como bispo, no entanto, ocorreu em Jacarezinho (PR). Em junho de 2018, M\u00e1rio Spaki, sacerdote iratiense teve sua ordena\u00e7\u00e3o como bispo de Paranava\u00ed, na Catedral Sant\u2019Ana, em Ponta Grossa\u201d.<\/em><\/p>\n\n\n\n<p>As primeiras missas de Dom Odair foram no dia 9 de dezembro, na Capela S\u00e3o Pedro, no Guamirim, \u00e0s 18 horas, e, no dia 10, na igreja matriz S\u00e3o Miguel, \u00e0s 9 horas, e, \u00e0s 18 horas, missa pelos familiares falecidos, no Cemit\u00e9rio de Guamirim.<\/p>\n\n\n\n<figure class=\"wp-block-image size-full\"><img loading=\"lazy\" decoding=\"async\" width=\"1024\" height=\"683\" src=\"https:\/\/radiostudiow.com.br\/site\/wp-content\/uploads\/2023\/12\/image-43.png\" alt=\"\" class=\"wp-image-17767\" srcset=\"https:\/\/radiostudiow.com.br\/site\/wp-content\/uploads\/2023\/12\/image-43.png 1024w, https:\/\/radiostudiow.com.br\/site\/wp-content\/uploads\/2023\/12\/image-43-300x200.png 300w, https:\/\/radiostudiow.com.br\/site\/wp-content\/uploads\/2023\/12\/image-43-768x512.png 768w\" sizes=\"auto, (max-width: 1024px) 100vw, 1024px\" \/><\/figure>\n\n\n\n<p>Fotos: AssCom Diocese de Ponta Grossa<\/p>\n","protected":false},"excerpt":{"rendered":"<p>Na tarde de sexta-feira (08), Irati e toda a Diocese de Ponta Grossa puderam testemunhar uma emocionante cerim\u00f4nia de ordena\u00e7\u00e3o episcopal do Dom Odair Miguel Gonsalves. O bispo foi pelo Papa Francisco, em agosto, como auxiliar de Porto Alegre. A cerim\u00f4nia aconteceu na Par\u00f3quia S\u00e3o Miguel, em Irati. A ordena\u00e7\u00e3o teve tr\u00eas bispos ordenantes. O [&hellip;]<\/p>\n","protected":false},"author":2,"featured_media":17766,"comment_status":"open","ping_status":"open","sticky":false,"template":"","format":"standard","meta":{"footnotes":""},"categories":[7],"tags":[172],"class_list":["post-17765","post","type-post","status-publish","format-standard","has-post-thumbnail","hentry","category-geral","tag-featured"],"amp_enabled":true,"_links":{"self":[{"href":"https:\/\/radiostudiow.com.br\/site\/wp-json\/wp\/v2\/posts\/17765","targetHints":{"allow":["GET"]}}],"collection":[{"href":"https:\/\/radiostudiow.com.br\/site\/wp-json\/wp\/v2\/posts"}],"about":[{"href":"https:\/\/radiostudiow.com.br\/site\/wp-json\/wp\/v2\/types\/post"}],"author":[{"embeddable":true,"href":"https:\/\/radiostudiow.com.br\/site\/wp-json\/wp\/v2\/users\/2"}],"replies":[{"embeddable":true,"href":"https:\/\/radiostudiow.com.br\/site\/wp-json\/wp\/v2\/comments?post=17765"}],"version-history":[{"count":2,"href":"https:\/\/radiostudiow.com.br\/site\/wp-json\/wp\/v2\/posts\/17765\/revisions"}],"predecessor-version":[{"id":17772,"href":"https:\/\/radiostudiow.com.br\/site\/wp-json\/wp\/v2\/posts\/17765\/revisions\/17772"}],"wp:featuredmedia":[{"embeddable":true,"href":"https:\/\/radiostudiow.com.br\/site\/wp-json\/wp\/v2\/media\/17766"}],"wp:attachment":[{"href":"https:\/\/radiostudiow.com.br\/site\/wp-json\/wp\/v2\/media?parent=17765"}],"wp:term":[{"taxonomy":"category","embeddable":true,"href":"https:\/\/radiostudiow.com.br\/site\/wp-json\/wp\/v2\/categories?post=17765"},{"taxonomy":"post_tag","embeddable":true,"href":"https:\/\/radiostudiow.com.br\/site\/wp-json\/wp\/v2\/tags?post=17765"}],"curies":[{"name":"wp","href":"https:\/\/api.w.org\/{rel}","templated":true}]}}