{"id":17773,"date":"2023-12-11T18:09:02","date_gmt":"2023-12-11T21:09:02","guid":{"rendered":"https:\/\/radiostudiow.com.br\/site\/?p=17773"},"modified":"2025-01-31T15:02:27","modified_gmt":"2025-01-31T18:02:27","slug":"novas-viaturas-reforcam-o-policiamento-nas-rodovias-estaduais-do-parana","status":"publish","type":"post","link":"https:\/\/radiostudiow.com.br\/site\/2023\/12\/11\/novas-viaturas-reforcam-o-policiamento-nas-rodovias-estaduais-do-parana\/","title":{"rendered":"NOVAS VIATURAS REFOR\u00c7AM O POLICIAMENTO NAS RODOVIAS ESTADUAIS DO PARAN\u00c1"},"content":{"rendered":"\n<p><em>Ve\u00edculos ser\u00e3o utilizados para fiscaliza\u00e7\u00f5es em todas as regi\u00f5es do Estado. Objetivo \u00e9 a prote\u00e7\u00e3o \u00e0 vida e ao patrim\u00f4nio, preven\u00e7\u00e3o e combate aos crimes e contraven\u00e7\u00f5es praticados nas rodovias estaduais<\/em><\/p>\n\n\n\n<figure class=\"wp-block-image size-full\"><img decoding=\"async\" src=\"https:\/\/radiostudiow.com.br\/site\/wp-content\/uploads\/2023\/10\/SITE-GRANDE2.png\" alt=\"\" class=\"wp-image-16368\"\/><\/figure>\n\n\n\n<p>A equipe da Pol\u00edcia Militar do Paran\u00e1 recebeu 23 novas viaturas nesta sexta-feira, 08 de dezembro, em solenidade no posto do Batalh\u00e3o de Pol\u00edcia Rodovi\u00e1ria (BPRv) localizado na PR-508, no munic\u00edpio de Matinhos, no Litoral do Estado. O investimento foi de R$ 5,1 milh\u00f5es, viabilizados por meio de um conv\u00eanio entre o Departamento de Estradas de Rodagem do Paran\u00e1 (DER) e o BPRv.<\/p>\n\n\n\n<p>Os novos ve\u00edculos v\u00e3o refor\u00e7ar as a\u00e7\u00f5es de policiamento do Batalh\u00e3o em todo o Estado. A entrega representa mais um importante avan\u00e7o nos investimentos cont\u00ednuos realizados na seguran\u00e7a p\u00fablica, proporcionando maior tranquilidade \u00e0 popula\u00e7\u00e3o e garantindo a prote\u00e7\u00e3o nas rodovias estaduais.<\/p>\n\n\n\n<p>O comandante-geral da PMPR, coronel Jefferson Silva, destacou a import\u00e2ncia desses investimentos na atua\u00e7\u00e3o da PMPR nas rodovias estaduais.<\/p>\n\n\n\n<p><em>\u201cEsses ve\u00edculos representam nosso compromisso em fortalecer a seguran\u00e7a nas estradas estaduais, garantindo maior mobilidade e efici\u00eancia no combate \u00e0 criminalidade e na prote\u00e7\u00e3o dos cidad\u00e3os. Continuaremos a zelar pela ordem e pela seguran\u00e7a em nossas vias, promovendo um tr\u00e2nsito cada vez mais seguro\u201d, afirmou.<\/em><\/p>\n\n\n\n<figure class=\"wp-block-image size-full\"><img decoding=\"async\" src=\"https:\/\/radiostudiow.com.br\/site\/wp-content\/uploads\/2023\/12\/SITE-PEQUENO3.png\" alt=\"\" class=\"wp-image-17616\"\/><\/figure>\n\n\n\n<p>As novas caminhonetes modelo Fiat\/Toro renovam de parte da frota utilizada nas a\u00e7\u00f5es de fiscaliza\u00e7\u00e3o de tr\u00e2nsito, prote\u00e7\u00e3o \u00e0 vida e ao patrim\u00f4nio, preven\u00e7\u00e3o e combate aos crimes e contraven\u00e7\u00f5es praticados nas rodovias estaduais.<\/p>\n\n\n\n<p>O conv\u00eanio em BPRv e o DRE\/PR estabelece que 20% da arrecada\u00e7\u00e3o l\u00edquida anual proveniente dos Autos de Infra\u00e7\u00e3o de Tr\u00e2nsito (AITs) lavrados pela unidade policial ser\u00e3o destinados \u00e0 moderniza\u00e7\u00e3o dos ve\u00edculos e equipamentos utilizados nestas a\u00e7\u00f5es de pol\u00edcia, em sua execu\u00e7\u00e3o e planejamento.<\/p>\n\n\n\n<p><em>\u201cEsta pr\u00e1tica contribui diretamente para o cont\u00ednuo aperfei\u00e7oamento dos servi\u00e7os oferecidos pela PMPR \u00e0 popula\u00e7\u00e3o\u201d, complementou o comandante-geral.<\/em><\/p>\n","protected":false},"excerpt":{"rendered":"<p>Ve\u00edculos ser\u00e3o utilizados para fiscaliza\u00e7\u00f5es em todas as regi\u00f5es do Estado. Objetivo \u00e9 a prote\u00e7\u00e3o \u00e0 vida e ao patrim\u00f4nio, preven\u00e7\u00e3o e combate aos crimes e contraven\u00e7\u00f5es praticados nas rodovias estaduais A equipe da Pol\u00edcia Militar do Paran\u00e1 recebeu 23 novas viaturas nesta sexta-feira, 08 de dezembro, em solenidade no posto do Batalh\u00e3o de Pol\u00edcia [&hellip;]<\/p>\n","protected":false},"author":2,"featured_media":17774,"comment_status":"open","ping_status":"open","sticky":false,"template":"","format":"standard","meta":{"footnotes":""},"categories":[2],"tags":[172],"class_list":["post-17773","post","type-post","status-publish","format-standard","has-post-thumbnail","hentry","category-policial","tag-featured"],"amp_enabled":true,"_links":{"self":[{"href":"https:\/\/radiostudiow.com.br\/site\/wp-json\/wp\/v2\/posts\/17773","targetHints":{"allow":["GET"]}}],"collection":[{"href":"https:\/\/radiostudiow.com.br\/site\/wp-json\/wp\/v2\/posts"}],"about":[{"href":"https:\/\/radiostudiow.com.br\/site\/wp-json\/wp\/v2\/types\/post"}],"author":[{"embeddable":true,"href":"https:\/\/radiostudiow.com.br\/site\/wp-json\/wp\/v2\/users\/2"}],"replies":[{"embeddable":true,"href":"https:\/\/radiostudiow.com.br\/site\/wp-json\/wp\/v2\/comments?post=17773"}],"version-history":[{"count":1,"href":"https:\/\/radiostudiow.com.br\/site\/wp-json\/wp\/v2\/posts\/17773\/revisions"}],"predecessor-version":[{"id":17775,"href":"https:\/\/radiostudiow.com.br\/site\/wp-json\/wp\/v2\/posts\/17773\/revisions\/17775"}],"wp:featuredmedia":[{"embeddable":true,"href":"https:\/\/radiostudiow.com.br\/site\/wp-json\/wp\/v2\/media\/17774"}],"wp:attachment":[{"href":"https:\/\/radiostudiow.com.br\/site\/wp-json\/wp\/v2\/media?parent=17773"}],"wp:term":[{"taxonomy":"category","embeddable":true,"href":"https:\/\/radiostudiow.com.br\/site\/wp-json\/wp\/v2\/categories?post=17773"},{"taxonomy":"post_tag","embeddable":true,"href":"https:\/\/radiostudiow.com.br\/site\/wp-json\/wp\/v2\/tags?post=17773"}],"curies":[{"name":"wp","href":"https:\/\/api.w.org\/{rel}","templated":true}]}}