{"id":17810,"date":"2023-12-13T11:54:43","date_gmt":"2023-12-13T14:54:43","guid":{"rendered":"https:\/\/radiostudiow.com.br\/site\/?p=17810"},"modified":"2025-01-31T15:02:27","modified_gmt":"2025-01-31T18:02:27","slug":"policia-recupera-celular-furtado-em-uniao-da-vitoria","status":"publish","type":"post","link":"https:\/\/radiostudiow.com.br\/site\/2023\/12\/13\/policia-recupera-celular-furtado-em-uniao-da-vitoria\/","title":{"rendered":"POL\u00cdCIA RECUPERA CELULAR FURTADO EM UNI\u00c3O DA VIT\u00d3RIA"},"content":{"rendered":"\n<p><em>Ap\u00f3s intensos dias de investiga\u00e7\u00e3o, a Pol\u00edcia Civil de Uni\u00e3o da Vit\u00f3ria localizou um aparelho celular furtado no interior de um Supermercado no dia 04 de dezembro. O fato chamou a aten\u00e7\u00e3o pela ast\u00facia do ladr\u00e3o.<\/em><\/p>\n\n\n\n<figure class=\"wp-block-image size-full\"><img decoding=\"async\" src=\"https:\/\/radiostudiow.com.br\/site\/wp-content\/uploads\/2023\/10\/SITE-GRANDE2.png\" alt=\"\" class=\"wp-image-16368\"\/><\/figure>\n\n\n\n<p>Na ocasi\u00e3o, uma mulher de 50 anos de idade, deixou o celular sob a bancada na g\u00f4ndola das frutas e o homem, simplesmente, colocou o celular no bolso, foi at\u00e9 o seu carro e trocou de roupa no estacionamento, para se disfar\u00e7ar, saindo depois disso como se nada tivesse acontecido.<\/p>\n\n\n\n<p>A a\u00e7\u00e3o conjunta contou com o apoio crucial da Pol\u00edcia Civil de Porto Uni\u00e3o e Irine\u00f3polis, ampliando a \u00e1rea de abrang\u00eancia das dilig\u00eancias. As autoridades conseguiram rastrear o suspeito at\u00e9 a regi\u00e3o de Irine\u00f3polis, onde, por meio de esfor\u00e7os coordenados, identificaram o local exato onde o aparelho estava escondido. A colabora\u00e7\u00e3o entre as duas delegacias foi fundamental para o desfecho bem-sucedido dessa investiga\u00e7\u00e3o.<\/p>\n\n\n\n<p>Durante a execu\u00e7\u00e3o das dilig\u00eancias, o suspeito, temendo sua responsabiliza\u00e7\u00e3o criminal, decidiu entregar voluntariamente o celular \u00e0 Pol\u00edcia Militar. O aparelho foi recuperado em perfeitas condi\u00e7\u00f5es e ser\u00e1 devolvido \u00e0 v\u00edtima.<\/p>\n\n\n\n<figure class=\"wp-block-image size-full\"><img decoding=\"async\" src=\"https:\/\/radiostudiow.com.br\/site\/wp-content\/uploads\/2023\/12\/SITE-PEQUENO3.png\" alt=\"\" class=\"wp-image-17616\"\/><\/figure>\n\n\n\n<p>O Delegado Thiers Andregotti, respons\u00e1vel pelo caso, destacou a import\u00e2ncia da coopera\u00e7\u00e3o entre as institui\u00e7\u00f5es policiais e a dedica\u00e7\u00e3o das equipes envolvidas. <em><strong>\u201cA troca de informa\u00e7\u00f5es e o trabalho conjunto entre as pol\u00edcias de Uni\u00e3o da Vit\u00f3ria e Porto Uni\u00e3o foram essenciais para o desfecho r\u00e1pido desse caso. O resultado positivo \u00e9 reflexo do profissionalismo e empenho de todos os envolvidos\u201d, afirmou o Delegado.<\/strong><\/em><\/p>\n\n\n\n<p>O investigado foi conduzido para prestar esclarecimentos sobre o furto, e as autoridades continuam a apura\u00e7\u00e3o para identificar se outras pessoas estavam envolvidas no crime.<\/p>\n","protected":false},"excerpt":{"rendered":"<p>Ap\u00f3s intensos dias de investiga\u00e7\u00e3o, a Pol\u00edcia Civil de Uni\u00e3o da Vit\u00f3ria localizou um aparelho celular furtado no interior de um Supermercado no dia 04 de dezembro. O fato chamou a aten\u00e7\u00e3o pela ast\u00facia do ladr\u00e3o. Na ocasi\u00e3o, uma mulher de 50 anos de idade, deixou o celular sob a bancada na g\u00f4ndola das frutas [&hellip;]<\/p>\n","protected":false},"author":2,"featured_media":14373,"comment_status":"open","ping_status":"open","sticky":false,"template":"","format":"standard","meta":{"footnotes":""},"categories":[2],"tags":[172],"class_list":["post-17810","post","type-post","status-publish","format-standard","has-post-thumbnail","hentry","category-policial","tag-featured"],"amp_enabled":true,"_links":{"self":[{"href":"https:\/\/radiostudiow.com.br\/site\/wp-json\/wp\/v2\/posts\/17810","targetHints":{"allow":["GET"]}}],"collection":[{"href":"https:\/\/radiostudiow.com.br\/site\/wp-json\/wp\/v2\/posts"}],"about":[{"href":"https:\/\/radiostudiow.com.br\/site\/wp-json\/wp\/v2\/types\/post"}],"author":[{"embeddable":true,"href":"https:\/\/radiostudiow.com.br\/site\/wp-json\/wp\/v2\/users\/2"}],"replies":[{"embeddable":true,"href":"https:\/\/radiostudiow.com.br\/site\/wp-json\/wp\/v2\/comments?post=17810"}],"version-history":[{"count":2,"href":"https:\/\/radiostudiow.com.br\/site\/wp-json\/wp\/v2\/posts\/17810\/revisions"}],"predecessor-version":[{"id":17822,"href":"https:\/\/radiostudiow.com.br\/site\/wp-json\/wp\/v2\/posts\/17810\/revisions\/17822"}],"wp:featuredmedia":[{"embeddable":true,"href":"https:\/\/radiostudiow.com.br\/site\/wp-json\/wp\/v2\/media\/14373"}],"wp:attachment":[{"href":"https:\/\/radiostudiow.com.br\/site\/wp-json\/wp\/v2\/media?parent=17810"}],"wp:term":[{"taxonomy":"category","embeddable":true,"href":"https:\/\/radiostudiow.com.br\/site\/wp-json\/wp\/v2\/categories?post=17810"},{"taxonomy":"post_tag","embeddable":true,"href":"https:\/\/radiostudiow.com.br\/site\/wp-json\/wp\/v2\/tags?post=17810"}],"curies":[{"name":"wp","href":"https:\/\/api.w.org\/{rel}","templated":true}]}}