{"id":17812,"date":"2023-12-13T11:33:39","date_gmt":"2023-12-13T14:33:39","guid":{"rendered":"https:\/\/radiostudiow.com.br\/site\/?p=17812"},"modified":"2025-01-31T15:02:27","modified_gmt":"2025-01-31T18:02:27","slug":"roubo-a-mao-armada-termina-com-vitima-agredida-em-uniao-da-vitoria","status":"publish","type":"post","link":"https:\/\/radiostudiow.com.br\/site\/2023\/12\/13\/roubo-a-mao-armada-termina-com-vitima-agredida-em-uniao-da-vitoria\/","title":{"rendered":"ROUBO A M\u00c3O ARMADA TERMINA COM V\u00cdTIMA AGREDIDA EM UNI\u00c3O DA VIT\u00d3RIA"},"content":{"rendered":"\n<p>Um roubo a m\u00e3o armada no in\u00edcio da madrugada desta quarta-feira, 13 de dezembro, mobilizou equipes da Pol\u00edcia Militar do 27\u00ba Batalh\u00e3o de Uni\u00e3o da Vit\u00f3ria e do Corpo de Bombeiros.<\/p>\n\n\n\n<figure class=\"wp-block-image size-full\"><img loading=\"lazy\" decoding=\"async\" width=\"598\" height=\"204\" src=\"https:\/\/radiostudiow.com.br\/site\/wp-content\/uploads\/2023\/12\/SITE-MEDIO4.png\" alt=\"\" class=\"wp-image-17598\" srcset=\"https:\/\/radiostudiow.com.br\/site\/wp-content\/uploads\/2023\/12\/SITE-MEDIO4.png 598w, https:\/\/radiostudiow.com.br\/site\/wp-content\/uploads\/2023\/12\/SITE-MEDIO4-300x102.png 300w\" sizes=\"auto, (max-width: 598px) 100vw, 598px\" \/><\/figure>\n\n\n\n<p>Conforme informa\u00e7\u00f5es, dois homens e uma mulher, invadiram uma casa no bairro Bela Vista e armados, anunciaram o assalto \u00e0 um casal. Na situa\u00e7\u00e3o, uma das v\u00edtimas foi agredida com coronhadas, sendo que os criminosos fugiram na sequ\u00eancia levando dois aparelhos celulares e as chaves da casa e do carro.<\/p>\n\n\n\n<p>No local, as v\u00edtimas relataram que recentemente registraram boletim de ocorr\u00eancias referente a uma desaven\u00e7a jur\u00eddica com um abrigo, sendo que acreditam que o ocorrido teria rela\u00e7\u00e3o com essa situa\u00e7\u00e3o.<\/p>\n\n\n\n<p>A v\u00edtima agredida durante o roubo, precisou ser socorrida pelos Bombeiros e foi encaminhada para cuidados m\u00e9dicos na Unidade de Pronto Atendimento \u2013 UPA. A Pol\u00edcia fez buscas, no entanto, n\u00e3o localizou os suspeitos.<\/p>\n","protected":false},"excerpt":{"rendered":"<p>Um roubo a m\u00e3o armada no in\u00edcio da madrugada desta quarta-feira, 13 de dezembro, mobilizou equipes da Pol\u00edcia Militar do 27\u00ba Batalh\u00e3o de Uni\u00e3o da Vit\u00f3ria e do Corpo de Bombeiros. Conforme informa\u00e7\u00f5es, dois homens e uma mulher, invadiram uma casa no bairro Bela Vista e armados, anunciaram o assalto \u00e0 um casal. Na situa\u00e7\u00e3o, [&hellip;]<\/p>\n","protected":false},"author":2,"featured_media":16838,"comment_status":"open","ping_status":"open","sticky":false,"template":"","format":"standard","meta":{"footnotes":""},"categories":[2],"tags":[172],"class_list":["post-17812","post","type-post","status-publish","format-standard","has-post-thumbnail","hentry","category-policial","tag-featured"],"amp_enabled":true,"_links":{"self":[{"href":"https:\/\/radiostudiow.com.br\/site\/wp-json\/wp\/v2\/posts\/17812","targetHints":{"allow":["GET"]}}],"collection":[{"href":"https:\/\/radiostudiow.com.br\/site\/wp-json\/wp\/v2\/posts"}],"about":[{"href":"https:\/\/radiostudiow.com.br\/site\/wp-json\/wp\/v2\/types\/post"}],"author":[{"embeddable":true,"href":"https:\/\/radiostudiow.com.br\/site\/wp-json\/wp\/v2\/users\/2"}],"replies":[{"embeddable":true,"href":"https:\/\/radiostudiow.com.br\/site\/wp-json\/wp\/v2\/comments?post=17812"}],"version-history":[{"count":2,"href":"https:\/\/radiostudiow.com.br\/site\/wp-json\/wp\/v2\/posts\/17812\/revisions"}],"predecessor-version":[{"id":17820,"href":"https:\/\/radiostudiow.com.br\/site\/wp-json\/wp\/v2\/posts\/17812\/revisions\/17820"}],"wp:featuredmedia":[{"embeddable":true,"href":"https:\/\/radiostudiow.com.br\/site\/wp-json\/wp\/v2\/media\/16838"}],"wp:attachment":[{"href":"https:\/\/radiostudiow.com.br\/site\/wp-json\/wp\/v2\/media?parent=17812"}],"wp:term":[{"taxonomy":"category","embeddable":true,"href":"https:\/\/radiostudiow.com.br\/site\/wp-json\/wp\/v2\/categories?post=17812"},{"taxonomy":"post_tag","embeddable":true,"href":"https:\/\/radiostudiow.com.br\/site\/wp-json\/wp\/v2\/tags?post=17812"}],"curies":[{"name":"wp","href":"https:\/\/api.w.org\/{rel}","templated":true}]}}