{"id":17814,"date":"2023-12-13T10:26:46","date_gmt":"2023-12-13T13:26:46","guid":{"rendered":"https:\/\/radiostudiow.com.br\/site\/?p=17814"},"modified":"2025-01-31T15:02:27","modified_gmt":"2025-01-31T18:02:27","slug":"com-desconto-de-6-aprovado-fazendo-divulga-calendario-do-ipva-2024","status":"publish","type":"post","link":"https:\/\/radiostudiow.com.br\/site\/2023\/12\/13\/com-desconto-de-6-aprovado-fazendo-divulga-calendario-do-ipva-2024\/","title":{"rendered":"COM DESCONTO DE 6% APROVADO \u00c9 DIVULGADO CALEND\u00c1RIO DO IPVA 2024"},"content":{"rendered":"\n<p>O Governo do Estado do Paran\u00e1, por meio da Secretaria da Fazenda, publicou nesta ter\u00e7a-feira (12) o calend\u00e1rio do Imposto sobre a Propriedade de Ve\u00edculos Automotores \u2013 IPVA 2024. Umas das novidades para o pr\u00f3ximo ano pode ser a possibilidade de realizar o pagamento \u00e0 vista com desconto de 6% de abatimento (at\u00e9 ent\u00e3o era 3%), conforme projeto de lei proposto pelo Executivo e aprovado pela Assembleia Legislativa. Assim como em 2023, o Estado manter\u00e1 a possibilidade de quita\u00e7\u00e3o em cinco parcelas sem desconto.<\/p>\n\n\n\n<figure class=\"wp-block-image size-full\"><img decoding=\"async\" src=\"https:\/\/radiostudiow.com.br\/site\/wp-content\/uploads\/2023\/10\/SITE-GRANDE-1.png\" alt=\"\" class=\"wp-image-16374\"\/><\/figure>\n\n\n\n<p>Os prazos para o pagamento da parcela \u00fanica ou da primeira cota foram fixados entre 17 e 23 de janeiro de 2024, a depender do n\u00famero final da placa do ve\u00edculo. A Receita Estadual estima arrecadar R$ 6,2 bilh\u00f5es com o IPVA 2024, com o tributo incidindo sobre uma frota de aproximadamente 4,6 milh\u00f5es de ve\u00edculos no Paran\u00e1.<\/p>\n\n\n\n<p><strong>OP\u00c7\u00d5ES \u2013<\/strong>&nbsp;H\u00e1 a op\u00e7\u00e3o de pagamento via Guia de Recolhimento (GR-PR) com QRCode via PIX, o que traz mais facilidade para o contribuinte. A quita\u00e7\u00e3o pode ser feita nos canais eletr\u00f4nicos de qualquer institui\u00e7\u00e3o banc\u00e1ria ou mesmo por meio de aplicativos, n\u00e3o se restringindo aos conveniados com o Estado.<\/p>\n\n\n\n<p>Outra possibilidade \u00e9 o uso do app da Receita Estadual, que traz os servi\u00e7os na palma da m\u00e3o, inclusive o acesso \u00e0 sua Guia de Recolhimento para pagamento do IPVA. Al\u00e9m disso, ser\u00e1 poss\u00edvel pagar pend\u00eancias de exerc\u00edcios anteriores com cart\u00e3o de cr\u00e9dito, que permite parcelar em at\u00e9 12 vezes os d\u00e9bitos do IPVA.<\/p>\n\n\n\n<p>\u201cO aumento no desconto oferecido para o pagamento \u00e0 vista do IPVA em 2024 visa proporcionar um al\u00edvio econ\u00f4mico aos contribuintes, ao mesmo tempo em que estimula a quita\u00e7\u00e3o antecipada\u201d, afirma o secret\u00e1rio da Fazenda, Ren\u00ea Garcia Junior.<\/p>\n\n\n\n<p>As guias de pagamento poder\u00e3o ser emitidas pelo novo Portal de Pagamentos de Tributos. Vale ressaltar que em 2024 os contribuintes n\u00e3o receber\u00e3o o boleto em casa, como j\u00e1 vinha ocorrendo em exerc\u00edcios anteriores.<\/p>\n\n\n\n<figure class=\"wp-block-image size-full\"><img loading=\"lazy\" decoding=\"async\" width=\"598\" height=\"204\" src=\"https:\/\/radiostudiow.com.br\/site\/wp-content\/uploads\/2023\/10\/SITE-MEDIO.png\" alt=\"\" class=\"wp-image-16319\" srcset=\"https:\/\/radiostudiow.com.br\/site\/wp-content\/uploads\/2023\/10\/SITE-MEDIO.png 598w, https:\/\/radiostudiow.com.br\/site\/wp-content\/uploads\/2023\/10\/SITE-MEDIO-300x102.png 300w\" sizes=\"auto, (max-width: 598px) 100vw, 598px\" \/><\/figure>\n\n\n\n<p><strong>NORMAS \u2013<\/strong>&nbsp;A al\u00edquota do IPVA, cuja cobran\u00e7a tem in\u00edcio em janeiro, \u00e9 de 3,5% sobre o valor venal para autom\u00f3veis e motocicletas em geral, e de 1% para \u00f4nibus, caminh\u00f5es, ve\u00edculos de aluguel ou movidos a g\u00e1s natural veicular (GNV). O \u201cvalor venal\u201d se refere ao valor de mercado de um ve\u00edculo, ou seja, o pre\u00e7o pelo qual ele poderia ser vendido.<\/p>\n\n\n\n<p>A Receita Estadual utiliza estudos regionalizados da Funda\u00e7\u00e3o Instituto de Pesquisas Econ\u00f4micas (Fipe) com dados espec\u00edficos do Paran\u00e1 para calcular o valor do IPVA a ser lan\u00e7ado. Aproximadamente 60% da frota, ou 2,7 milh\u00f5es de ve\u00edculos, ter\u00e3o um tributo mais baixo no pr\u00f3ximo ano. Mais de 650 mil ve\u00edculos, o equivalente a 14% da frota, ter\u00e3o redu\u00e7\u00e3o superior a 10%, devido \u00e0 desvaloriza\u00e7\u00e3o no valor de venda desses autom\u00f3veis, detectada pela Fipe.<\/p>\n\n\n\n<p><strong>IPVA \u2013<\/strong>&nbsp;O IPVA \u00e9 uma das principais fontes de arrecada\u00e7\u00e3o tribut\u00e1ria do Paran\u00e1, ficando atr\u00e1s apenas do Imposto sobre Circula\u00e7\u00e3o de Mercadorias e Servi\u00e7os de Transporte Interestadual e Intermunicipal e de Comunica\u00e7\u00e3o (ICMS). O Estado destina 50% do valor arrecadado com o imposto para custear os gastos p\u00fablicos, como educa\u00e7\u00e3o, sa\u00fade, seguran\u00e7a e transporte dos munic\u00edpios. A Receita Estadual do Paran\u00e1 tributa ve\u00edculos fabricados nos \u00faltimos 20 anos, ou seja, de 2004 para c\u00e1.<\/p>\n\n\n\n<p><strong>NOTA PARAN\u00c1 \u2013<\/strong>\u00a0Ao todo, no \u00faltimo exerc\u00edcio, R$ 6,93 milh\u00f5es foram transferidos em saldos do Nota Paran\u00e1 para o abatimento do IPVA 2024 de aproximadamente 107 mil ve\u00edculos.<\/p>\n\n\n\n<figure class=\"wp-block-image size-full\"><img loading=\"lazy\" decoding=\"async\" width=\"897\" height=\"204\" src=\"https:\/\/radiostudiow.com.br\/site\/wp-content\/uploads\/2023\/10\/SITE-GRANDE3.png\" alt=\"\" class=\"wp-image-16341\" srcset=\"https:\/\/radiostudiow.com.br\/site\/wp-content\/uploads\/2023\/10\/SITE-GRANDE3.png 897w, https:\/\/radiostudiow.com.br\/site\/wp-content\/uploads\/2023\/10\/SITE-GRANDE3-300x68.png 300w, https:\/\/radiostudiow.com.br\/site\/wp-content\/uploads\/2023\/10\/SITE-GRANDE3-768x175.png 768w\" sizes=\"auto, (max-width: 897px) 100vw, 897px\" \/><\/figure>\n\n\n\n<h2 class=\"wp-block-heading\">Confira o calend\u00e1rio de vencimento do IPVA 2024:<\/h2>\n\n\n\n<p><strong>FINAL DE PLACA \u2013<\/strong>&nbsp;prazo de pagamento da quota \u00fanica<br>1 e 2 \u2013 17\/01\/2024<br>3 e 4 \u2013 18\/01\/2024<br>5 e 6 \u2013 19\/01\/2024<br>7 e 8 \u2013 22\/01\/2024<br>9 e 0 \u2013 23\/01\/2024<\/p>\n\n\n\n<p><strong>FINAL DE PLACA<\/strong>&nbsp;\u2013 cinco parcelas<br>1 e 2 \u2013 17\/01, 19\/02, 18\/03, 17\/04, 17\/05<br>3 e 4 \u2013 18\/01, 20\/02, 19\/03, 18\/04, 20\/05<br>5 e 6 \u2013 19\/01, 21\/02, 20\/03, 19\/04, 21\/05<br>7 e 8 \u2013 22\/01, 22\/02, 21\/03, 22\/04, 22\/05<br>9 e 0 \u2013 23\/01, 23\/02, 22\/03, 23\/04, 23\/05<\/p>\n","protected":false},"excerpt":{"rendered":"<p>O Governo do Estado do Paran\u00e1, por meio da Secretaria da Fazenda, publicou nesta ter\u00e7a-feira (12) o calend\u00e1rio do Imposto sobre a Propriedade de Ve\u00edculos Automotores \u2013 IPVA 2024. Umas das novidades para o pr\u00f3ximo ano pode ser a possibilidade de realizar o pagamento \u00e0 vista com desconto de 6% de abatimento (at\u00e9 ent\u00e3o era [&hellip;]<\/p>\n","protected":false},"author":2,"featured_media":17816,"comment_status":"open","ping_status":"open","sticky":false,"template":"","format":"standard","meta":{"footnotes":""},"categories":[7],"tags":[172],"class_list":["post-17814","post","type-post","status-publish","format-standard","has-post-thumbnail","hentry","category-geral","tag-featured"],"amp_enabled":true,"_links":{"self":[{"href":"https:\/\/radiostudiow.com.br\/site\/wp-json\/wp\/v2\/posts\/17814","targetHints":{"allow":["GET"]}}],"collection":[{"href":"https:\/\/radiostudiow.com.br\/site\/wp-json\/wp\/v2\/posts"}],"about":[{"href":"https:\/\/radiostudiow.com.br\/site\/wp-json\/wp\/v2\/types\/post"}],"author":[{"embeddable":true,"href":"https:\/\/radiostudiow.com.br\/site\/wp-json\/wp\/v2\/users\/2"}],"replies":[{"embeddable":true,"href":"https:\/\/radiostudiow.com.br\/site\/wp-json\/wp\/v2\/comments?post=17814"}],"version-history":[{"count":4,"href":"https:\/\/radiostudiow.com.br\/site\/wp-json\/wp\/v2\/posts\/17814\/revisions"}],"predecessor-version":[{"id":17819,"href":"https:\/\/radiostudiow.com.br\/site\/wp-json\/wp\/v2\/posts\/17814\/revisions\/17819"}],"wp:featuredmedia":[{"embeddable":true,"href":"https:\/\/radiostudiow.com.br\/site\/wp-json\/wp\/v2\/media\/17816"}],"wp:attachment":[{"href":"https:\/\/radiostudiow.com.br\/site\/wp-json\/wp\/v2\/media?parent=17814"}],"wp:term":[{"taxonomy":"category","embeddable":true,"href":"https:\/\/radiostudiow.com.br\/site\/wp-json\/wp\/v2\/categories?post=17814"},{"taxonomy":"post_tag","embeddable":true,"href":"https:\/\/radiostudiow.com.br\/site\/wp-json\/wp\/v2\/tags?post=17814"}],"curies":[{"name":"wp","href":"https:\/\/api.w.org\/{rel}","templated":true}]}}