{"id":17825,"date":"2023-12-13T16:36:30","date_gmt":"2023-12-13T19:36:30","guid":{"rendered":"https:\/\/radiostudiow.com.br\/site\/?p=17825"},"modified":"2025-01-31T15:02:27","modified_gmt":"2025-01-31T18:02:27","slug":"forum-de-mallet-recebe-exposicao-de-quadros-em-comemoracao-ao-dia-da-justica","status":"publish","type":"post","link":"https:\/\/radiostudiow.com.br\/site\/2023\/12\/13\/forum-de-mallet-recebe-exposicao-de-quadros-em-comemoracao-ao-dia-da-justica\/","title":{"rendered":"F\u00d3RUM DE MALLET RECEBE EXPOSI\u00c7\u00c3O DE QUADROS EM COMEMORA\u00c7\u00c3O AO DIA\u00a0 DA JUSTI\u00c7A\u00a0"},"content":{"rendered":"\n<p>A Secretaria da Cultura e Turismo&nbsp; de Mallet, juntamente com a Associa\u00e7\u00e3o dos Artistas Pl\u00e1sticos do Vale do Igua\u00e7u, realizou, nesta ter\u00e7a-feira (12), a abertura da Exposi\u00e7\u00e3o&nbsp; \u201cJusti\u00e7a \u201d, no sagu\u00e3o do F\u00f3rum da comarca de Mallet, mostrando assim um pouco do trabalho desenvolvido por artistas malletenses e da regi\u00e3o.<\/p>\n\n\n\n<figure class=\"wp-block-image size-full\"><img loading=\"lazy\" decoding=\"async\" width=\"897\" height=\"204\" src=\"https:\/\/radiostudiow.com.br\/site\/wp-content\/uploads\/2023\/10\/SITE-GRANDE3.png\" alt=\"\" class=\"wp-image-16341\" srcset=\"https:\/\/radiostudiow.com.br\/site\/wp-content\/uploads\/2023\/10\/SITE-GRANDE3.png 897w, https:\/\/radiostudiow.com.br\/site\/wp-content\/uploads\/2023\/10\/SITE-GRANDE3-300x68.png 300w, https:\/\/radiostudiow.com.br\/site\/wp-content\/uploads\/2023\/10\/SITE-GRANDE3-768x175.png 768w\" sizes=\"auto, (max-width: 897px) 100vw, 897px\" \/><\/figure>\n\n\n\n<figure class=\"wp-block-image size-large\"><img loading=\"lazy\" decoding=\"async\" width=\"1024\" height=\"721\" src=\"https:\/\/radiostudiow.com.br\/site\/wp-content\/uploads\/2023\/12\/image-50-1024x721.png\" alt=\"\" class=\"wp-image-17831\" srcset=\"https:\/\/radiostudiow.com.br\/site\/wp-content\/uploads\/2023\/12\/image-50-1024x721.png 1024w, https:\/\/radiostudiow.com.br\/site\/wp-content\/uploads\/2023\/12\/image-50-300x211.png 300w, https:\/\/radiostudiow.com.br\/site\/wp-content\/uploads\/2023\/12\/image-50-768x540.png 768w, https:\/\/radiostudiow.com.br\/site\/wp-content\/uploads\/2023\/12\/image-50-1536x1081.png 1536w, https:\/\/radiostudiow.com.br\/site\/wp-content\/uploads\/2023\/12\/image-50.png 1600w\" sizes=\"auto, (max-width: 1024px) 100vw, 1024px\" \/><\/figure>\n\n\n\n<p>Com o intuito de homenagear o Dia da Justi\u00e7a, comemorado no \u00faltimo&nbsp; dia 08 de dezembro, muitas pessoas puderam apreciar as artes realizadas para essa exposi\u00e7\u00e3o.<\/p>\n\n\n\n<p>De acordo com a Secret\u00e1ria Municipal de Cultura e Turismo do munic\u00edpio Maria Margarete Grden Szinvelski, o objetivo tamb\u00e9m\u00a0 \u00e9 de saudar os profissionais que atuam sempre com a imparcialidade garantindo assim os direitos de todos os cidad\u00e3os.<br><em><strong>\u201cPra n\u00f3s \u00e9\u00a0 uma honra muito grande poder mostrar o nosso trabalho e ainda em uma ocasi\u00e3o t\u00e3o\u00a0 especial como est\u00e1 que comemorarmos\u201d, destacou Maria Margarete a nossa reportagem.<\/strong><\/em><\/p>\n\n\n\n<figure class=\"wp-block-image size-full\"><img decoding=\"async\" src=\"https:\/\/radiostudiow.com.br\/site\/wp-content\/uploads\/2023\/10\/SITE-GRANDE-1.png\" alt=\"\" class=\"wp-image-16374\"\/><\/figure>\n\n\n\n<p>Marcaram presen\u00e7a nesta&nbsp; cerim\u00f4nia as seguintes autoridades: MM. Juiz de Direito da Comarca de Mallet Dr. \u00cdtalo M\u00e1rio Bazzo Jr., Dr. Eduardo Mariano Valezin de Toledo, Promotor de Justi\u00e7a, Moacir Alfredo Szinvelski Prefeito do Munic\u00edpio de Mallet.<\/p>\n\n\n\n<p>A Exposi\u00e7\u00e3o ficar\u00e1 aberta para visita\u00e7\u00e3o at\u00e9 a pr\u00f3xima\u00a0 sexta-feira\u00a0 dia 15 de dezembro em hor\u00e1rio de funcionamento do F\u00f3rum.<\/p>\n\n\n\n<figure class=\"wp-block-image size-large\"><img loading=\"lazy\" decoding=\"async\" width=\"1024\" height=\"768\" src=\"https:\/\/radiostudiow.com.br\/site\/wp-content\/uploads\/2023\/12\/image-51-1024x768.png\" alt=\"\" class=\"wp-image-17832\" srcset=\"https:\/\/radiostudiow.com.br\/site\/wp-content\/uploads\/2023\/12\/image-51-1024x768.png 1024w, https:\/\/radiostudiow.com.br\/site\/wp-content\/uploads\/2023\/12\/image-51-300x225.png 300w, https:\/\/radiostudiow.com.br\/site\/wp-content\/uploads\/2023\/12\/image-51-768x576.png 768w, https:\/\/radiostudiow.com.br\/site\/wp-content\/uploads\/2023\/12\/image-51-1536x1152.png 1536w, https:\/\/radiostudiow.com.br\/site\/wp-content\/uploads\/2023\/12\/image-51.png 1600w\" sizes=\"auto, (max-width: 1024px) 100vw, 1024px\" \/><\/figure>\n\n\n\n<figure class=\"wp-block-image size-large\"><img decoding=\"async\" src=\"https:\/\/radiostudiow.com.br\/site\/wp-content\/uploads\/2023\/12\/image-52-1024x768.png\" alt=\"\" class=\"wp-image-17833\"\/><\/figure>\n\n\n\n<figure class=\"wp-block-image size-large\"><img decoding=\"async\" src=\"https:\/\/radiostudiow.com.br\/site\/wp-content\/uploads\/2023\/12\/image-40-1024x768.png\" alt=\"\" class=\"wp-image-17835\"\/><\/figure>\n\n\n\n<figure class=\"wp-block-image size-large\"><img decoding=\"async\" src=\"https:\/\/radiostudiow.com.br\/site\/wp-content\/uploads\/2023\/12\/image-53-1024x768.png\" alt=\"\" class=\"wp-image-17836\"\/><\/figure>\n\n\n\n<figure class=\"wp-block-image size-large\"><img loading=\"lazy\" decoding=\"async\" width=\"1024\" height=\"768\" src=\"https:\/\/radiostudiow.com.br\/site\/wp-content\/uploads\/2023\/12\/image-54-1024x768.png\" alt=\"\" class=\"wp-image-17837\" srcset=\"https:\/\/radiostudiow.com.br\/site\/wp-content\/uploads\/2023\/12\/image-54-1024x768.png 1024w, https:\/\/radiostudiow.com.br\/site\/wp-content\/uploads\/2023\/12\/image-54-300x225.png 300w, https:\/\/radiostudiow.com.br\/site\/wp-content\/uploads\/2023\/12\/image-54-768x576.png 768w, https:\/\/radiostudiow.com.br\/site\/wp-content\/uploads\/2023\/12\/image-54-1536x1152.png 1536w, https:\/\/radiostudiow.com.br\/site\/wp-content\/uploads\/2023\/12\/image-54.png 1600w\" sizes=\"auto, (max-width: 1024px) 100vw, 1024px\" \/><\/figure>\n\n\n\n<figure class=\"wp-block-image size-large\"><img loading=\"lazy\" decoding=\"async\" width=\"1024\" height=\"768\" src=\"https:\/\/radiostudiow.com.br\/site\/wp-content\/uploads\/2023\/12\/image-55-1024x768.png\" alt=\"\" class=\"wp-image-17838\" srcset=\"https:\/\/radiostudiow.com.br\/site\/wp-content\/uploads\/2023\/12\/image-55-1024x768.png 1024w, https:\/\/radiostudiow.com.br\/site\/wp-content\/uploads\/2023\/12\/image-55-300x225.png 300w, https:\/\/radiostudiow.com.br\/site\/wp-content\/uploads\/2023\/12\/image-55-768x576.png 768w, https:\/\/radiostudiow.com.br\/site\/wp-content\/uploads\/2023\/12\/image-55-1536x1152.png 1536w, https:\/\/radiostudiow.com.br\/site\/wp-content\/uploads\/2023\/12\/image-55.png 1600w\" sizes=\"auto, (max-width: 1024px) 100vw, 1024px\" \/><\/figure>\n\n\n\n<figure class=\"wp-block-image size-large\"><img decoding=\"async\" src=\"https:\/\/radiostudiow.com.br\/site\/wp-content\/uploads\/2023\/12\/image-57-1024x768.png\" alt=\"\" class=\"wp-image-17839\"\/><\/figure>\n\n\n\n<figure class=\"wp-block-image size-large\"><img loading=\"lazy\" decoding=\"async\" width=\"1024\" height=\"768\" src=\"https:\/\/radiostudiow.com.br\/site\/wp-content\/uploads\/2023\/12\/image-58-1024x768.png\" alt=\"\" class=\"wp-image-17840\" srcset=\"https:\/\/radiostudiow.com.br\/site\/wp-content\/uploads\/2023\/12\/image-58-1024x768.png 1024w, https:\/\/radiostudiow.com.br\/site\/wp-content\/uploads\/2023\/12\/image-58-300x225.png 300w, https:\/\/radiostudiow.com.br\/site\/wp-content\/uploads\/2023\/12\/image-58-768x576.png 768w, https:\/\/radiostudiow.com.br\/site\/wp-content\/uploads\/2023\/12\/image-58-1536x1152.png 1536w, https:\/\/radiostudiow.com.br\/site\/wp-content\/uploads\/2023\/12\/image-58.png 1600w\" sizes=\"auto, (max-width: 1024px) 100vw, 1024px\" \/><\/figure>\n\n\n\n<figure class=\"wp-block-image size-large\"><img loading=\"lazy\" decoding=\"async\" width=\"1024\" height=\"768\" src=\"https:\/\/radiostudiow.com.br\/site\/wp-content\/uploads\/2023\/12\/image-59-1024x768.png\" alt=\"\" class=\"wp-image-17841\" srcset=\"https:\/\/radiostudiow.com.br\/site\/wp-content\/uploads\/2023\/12\/image-59-1024x768.png 1024w, https:\/\/radiostudiow.com.br\/site\/wp-content\/uploads\/2023\/12\/image-59-300x225.png 300w, https:\/\/radiostudiow.com.br\/site\/wp-content\/uploads\/2023\/12\/image-59-768x576.png 768w, https:\/\/radiostudiow.com.br\/site\/wp-content\/uploads\/2023\/12\/image-59-1536x1152.png 1536w, https:\/\/radiostudiow.com.br\/site\/wp-content\/uploads\/2023\/12\/image-59.png 1600w\" sizes=\"auto, (max-width: 1024px) 100vw, 1024px\" \/><\/figure>\n\n\n\n<figure class=\"wp-block-image size-large\"><img decoding=\"async\" src=\"https:\/\/radiostudiow.com.br\/site\/wp-content\/uploads\/2023\/12\/image-60-1024x768.png\" alt=\"\" class=\"wp-image-17842\"\/><\/figure>\n","protected":false},"excerpt":{"rendered":"<p>A Secretaria da Cultura e Turismo&nbsp; de Mallet, juntamente com a Associa\u00e7\u00e3o dos Artistas Pl\u00e1sticos do Vale do Igua\u00e7u, realizou, nesta ter\u00e7a-feira (12), a abertura da Exposi\u00e7\u00e3o&nbsp; \u201cJusti\u00e7a \u201d, no sagu\u00e3o do F\u00f3rum da comarca de Mallet, mostrando assim um pouco do trabalho desenvolvido por artistas malletenses e da regi\u00e3o. Com o intuito de homenagear [&hellip;]<\/p>\n","protected":false},"author":2,"featured_media":17826,"comment_status":"open","ping_status":"open","sticky":false,"template":"","format":"standard","meta":{"footnotes":""},"categories":[184],"tags":[172],"class_list":["post-17825","post","type-post","status-publish","format-standard","has-post-thumbnail","hentry","category-local","tag-featured"],"amp_enabled":true,"_links":{"self":[{"href":"https:\/\/radiostudiow.com.br\/site\/wp-json\/wp\/v2\/posts\/17825","targetHints":{"allow":["GET"]}}],"collection":[{"href":"https:\/\/radiostudiow.com.br\/site\/wp-json\/wp\/v2\/posts"}],"about":[{"href":"https:\/\/radiostudiow.com.br\/site\/wp-json\/wp\/v2\/types\/post"}],"author":[{"embeddable":true,"href":"https:\/\/radiostudiow.com.br\/site\/wp-json\/wp\/v2\/users\/2"}],"replies":[{"embeddable":true,"href":"https:\/\/radiostudiow.com.br\/site\/wp-json\/wp\/v2\/comments?post=17825"}],"version-history":[{"count":2,"href":"https:\/\/radiostudiow.com.br\/site\/wp-json\/wp\/v2\/posts\/17825\/revisions"}],"predecessor-version":[{"id":17843,"href":"https:\/\/radiostudiow.com.br\/site\/wp-json\/wp\/v2\/posts\/17825\/revisions\/17843"}],"wp:featuredmedia":[{"embeddable":true,"href":"https:\/\/radiostudiow.com.br\/site\/wp-json\/wp\/v2\/media\/17826"}],"wp:attachment":[{"href":"https:\/\/radiostudiow.com.br\/site\/wp-json\/wp\/v2\/media?parent=17825"}],"wp:term":[{"taxonomy":"category","embeddable":true,"href":"https:\/\/radiostudiow.com.br\/site\/wp-json\/wp\/v2\/categories?post=17825"},{"taxonomy":"post_tag","embeddable":true,"href":"https:\/\/radiostudiow.com.br\/site\/wp-json\/wp\/v2\/tags?post=17825"}],"curies":[{"name":"wp","href":"https:\/\/api.w.org\/{rel}","templated":true}]}}