{"id":17828,"date":"2023-12-13T17:34:56","date_gmt":"2023-12-13T20:34:56","guid":{"rendered":"https:\/\/radiostudiow.com.br\/site\/?p=17828"},"modified":"2025-01-31T15:02:27","modified_gmt":"2025-01-31T18:02:27","slug":"pm-de-bituruna-registra-dois-mandados-de-prisao","status":"publish","type":"post","link":"https:\/\/radiostudiow.com.br\/site\/2023\/12\/13\/pm-de-bituruna-registra-dois-mandados-de-prisao\/","title":{"rendered":"PM DE BITURUNA REGISTRA DOIS MANDADOS DE PRIS\u00c3O"},"content":{"rendered":"\n<p>A equipe deu fiel cumprimento ao mandado de pris\u00e3o em Desfavor a um homem pela vara de fam\u00edlia e sucess\u00f5es de Uni\u00e3o da Vit\u00f3ria por volta das 12:00 horas dessa ter\u00e7a-feira, 12 de dezembro, na \u00e1rea central.<\/p>\n\n\n\n<figure class=\"wp-block-image size-large\"><img decoding=\"async\" src=\"https:\/\/radiostudiow.com.br\/site\/wp-content\/uploads\/2023\/12\/image-3-1024x390.png\" alt=\"\" class=\"wp-image-17541\"\/><\/figure>\n\n\n\n<p>O indiv\u00edduo foi conduzido ao Hospital para confec\u00e7\u00e3o de laudo m\u00e9dico e posteriormente at\u00e9 o Depen de Uni\u00e3o da Vit\u00f3ria.<\/p>\n\n\n\n<p>Por volta das 14:00 horas a equipe policial deu fiel cumprimento a mais um mandado de pris\u00e3o, em desfavor de um homem pela vara de fam\u00edlia e sucess\u00f5es de Uni\u00e3o da Vit\u00f3ria.<\/p>\n\n\n\n<p>O indiv\u00edduo foi conduzido ao hospital para confec\u00e7\u00e3o de laudo m\u00e9dico e posteriormente at\u00e9 o Depen de Uni\u00e3o da Vit\u00f3ria.<\/p>\n\n\n\n<figure class=\"wp-block-image size-large\"><img decoding=\"async\" src=\"https:\/\/radiostudiow.com.br\/site\/wp-content\/uploads\/2023\/12\/Aniversarios-10x-sem-Juros-Irati-web_Post-1-1024x1024.png\" alt=\"\" class=\"wp-image-17680\"\/><\/figure>\n","protected":false},"excerpt":{"rendered":"<p>A equipe deu fiel cumprimento ao mandado de pris\u00e3o em Desfavor a um homem pela vara de fam\u00edlia e sucess\u00f5es de Uni\u00e3o da Vit\u00f3ria por volta das 12:00 horas dessa ter\u00e7a-feira, 12 de dezembro, na \u00e1rea central. O indiv\u00edduo foi conduzido ao Hospital para confec\u00e7\u00e3o de laudo m\u00e9dico e posteriormente at\u00e9 o Depen de Uni\u00e3o [&hellip;]<\/p>\n","protected":false},"author":2,"featured_media":11623,"comment_status":"open","ping_status":"open","sticky":false,"template":"","format":"standard","meta":{"footnotes":""},"categories":[2],"tags":[172],"class_list":["post-17828","post","type-post","status-publish","format-standard","has-post-thumbnail","hentry","category-policial","tag-featured"],"amp_enabled":true,"_links":{"self":[{"href":"https:\/\/radiostudiow.com.br\/site\/wp-json\/wp\/v2\/posts\/17828","targetHints":{"allow":["GET"]}}],"collection":[{"href":"https:\/\/radiostudiow.com.br\/site\/wp-json\/wp\/v2\/posts"}],"about":[{"href":"https:\/\/radiostudiow.com.br\/site\/wp-json\/wp\/v2\/types\/post"}],"author":[{"embeddable":true,"href":"https:\/\/radiostudiow.com.br\/site\/wp-json\/wp\/v2\/users\/2"}],"replies":[{"embeddable":true,"href":"https:\/\/radiostudiow.com.br\/site\/wp-json\/wp\/v2\/comments?post=17828"}],"version-history":[{"count":2,"href":"https:\/\/radiostudiow.com.br\/site\/wp-json\/wp\/v2\/posts\/17828\/revisions"}],"predecessor-version":[{"id":17830,"href":"https:\/\/radiostudiow.com.br\/site\/wp-json\/wp\/v2\/posts\/17828\/revisions\/17830"}],"wp:featuredmedia":[{"embeddable":true,"href":"https:\/\/radiostudiow.com.br\/site\/wp-json\/wp\/v2\/media\/11623"}],"wp:attachment":[{"href":"https:\/\/radiostudiow.com.br\/site\/wp-json\/wp\/v2\/media?parent=17828"}],"wp:term":[{"taxonomy":"category","embeddable":true,"href":"https:\/\/radiostudiow.com.br\/site\/wp-json\/wp\/v2\/categories?post=17828"},{"taxonomy":"post_tag","embeddable":true,"href":"https:\/\/radiostudiow.com.br\/site\/wp-json\/wp\/v2\/tags?post=17828"}],"curies":[{"name":"wp","href":"https:\/\/api.w.org\/{rel}","templated":true}]}}