{"id":17852,"date":"2023-12-14T10:16:24","date_gmt":"2023-12-14T13:16:24","guid":{"rendered":"https:\/\/radiostudiow.com.br\/site\/?p=17852"},"modified":"2025-01-31T15:02:27","modified_gmt":"2025-01-31T18:02:27","slug":"adolescente-cai-de-moto-durante-fuga-em-uniao-da-vitoria","status":"publish","type":"post","link":"https:\/\/radiostudiow.com.br\/site\/2023\/12\/14\/adolescente-cai-de-moto-durante-fuga-em-uniao-da-vitoria\/","title":{"rendered":"ADOLESCENTE CAI DE MOTO DURANTE FUGA EM UNI\u00c3O DA VIT\u00d3RIA"},"content":{"rendered":"\n<h2 class=\"wp-block-heading\"><a href=\"https:\/\/www.facebook.com\/sharer.php?u=https%3A%2F%2Fcanal4.tv.br%2F2023%2F12%2F14%2Fdurante-fuga-adolescente-cai-de-moto-no-conjunto-horst-waldraff%2F%3Ffbclid%3DIwAR3-gwWq8KqpvwObDFmY8AH4IRKSQ9kuN4n8Eeol3jeUqeCi4NJ44XJjjlI\" target=\"_blank\" rel=\"noreferrer noopener\"><\/a><\/h2>\n\n\n\n<p>Um adolescente de 17 anos de idade, identificado pelas iniciais \u201cW. R.\u201d foi socorrido com fraturas no corpo ap\u00f3s sofrer uma queda de motocicleta por volta das 16:25 horas da tarde dessa quarta-feira (13).<\/p>\n\n\n\n<figure class=\"wp-block-image size-full\"><img loading=\"lazy\" decoding=\"async\" width=\"598\" height=\"204\" src=\"https:\/\/radiostudiow.com.br\/site\/wp-content\/uploads\/2023\/12\/SITE-MEDIO4.png\" alt=\"\" class=\"wp-image-17598\" srcset=\"https:\/\/radiostudiow.com.br\/site\/wp-content\/uploads\/2023\/12\/SITE-MEDIO4.png 598w, https:\/\/radiostudiow.com.br\/site\/wp-content\/uploads\/2023\/12\/SITE-MEDIO4-300x102.png 300w\" sizes=\"auto, (max-width: 598px) 100vw, 598px\" \/><\/figure>\n\n\n\n<p>O acidente aconteceu na rua B\u00f3ris Ivan Prechlhak, no Conjunto Horst Waldraff, no Distrito de S\u00e3o Crist\u00f3v\u00e3o e ocorreu ap\u00f3s o adolescente ter sido flagrado pilotando uma motocicleta Honda CBX\/250 Twister de cor vermelha.<\/p>\n\n\n\n<p>O adolescente ap\u00f3s receber ordem de parada da Pol\u00edcia Militar, iniciou a fuga pelos ruas do bairro, perdendo o controle e sofrendo a queda. Ele foi socorrido pelo corpo de Bombeiros e encaminhado para cuidados m\u00e9dicos.<\/p>\n\n\n\n<p>Al\u00e9m de n\u00e3o ter habilita\u00e7\u00e3o por ser menor de idade, a motocicleta estava com a documenta\u00e7\u00e3o atrasada.<\/p>\n\n\n\n<figure class=\"wp-block-image size-full\"><img decoding=\"async\" src=\"https:\/\/radiostudiow.com.br\/site\/wp-content\/uploads\/2023\/10\/SITE-GRANDE5.png\" alt=\"\" class=\"wp-image-16372\"\/><\/figure>\n","protected":false},"excerpt":{"rendered":"<p>Um adolescente de 17 anos de idade, identificado pelas iniciais \u201cW. R.\u201d foi socorrido com fraturas no corpo ap\u00f3s sofrer uma queda de motocicleta por volta das 16:25 horas da tarde dessa quarta-feira (13). O acidente aconteceu na rua B\u00f3ris Ivan Prechlhak, no Conjunto Horst Waldraff, no Distrito de S\u00e3o Crist\u00f3v\u00e3o e ocorreu ap\u00f3s o [&hellip;]<\/p>\n","protected":false},"author":2,"featured_media":16838,"comment_status":"open","ping_status":"open","sticky":false,"template":"","format":"standard","meta":{"footnotes":""},"categories":[2],"tags":[172],"class_list":["post-17852","post","type-post","status-publish","format-standard","has-post-thumbnail","hentry","category-policial","tag-featured"],"amp_enabled":true,"_links":{"self":[{"href":"https:\/\/radiostudiow.com.br\/site\/wp-json\/wp\/v2\/posts\/17852","targetHints":{"allow":["GET"]}}],"collection":[{"href":"https:\/\/radiostudiow.com.br\/site\/wp-json\/wp\/v2\/posts"}],"about":[{"href":"https:\/\/radiostudiow.com.br\/site\/wp-json\/wp\/v2\/types\/post"}],"author":[{"embeddable":true,"href":"https:\/\/radiostudiow.com.br\/site\/wp-json\/wp\/v2\/users\/2"}],"replies":[{"embeddable":true,"href":"https:\/\/radiostudiow.com.br\/site\/wp-json\/wp\/v2\/comments?post=17852"}],"version-history":[{"count":1,"href":"https:\/\/radiostudiow.com.br\/site\/wp-json\/wp\/v2\/posts\/17852\/revisions"}],"predecessor-version":[{"id":17853,"href":"https:\/\/radiostudiow.com.br\/site\/wp-json\/wp\/v2\/posts\/17852\/revisions\/17853"}],"wp:featuredmedia":[{"embeddable":true,"href":"https:\/\/radiostudiow.com.br\/site\/wp-json\/wp\/v2\/media\/16838"}],"wp:attachment":[{"href":"https:\/\/radiostudiow.com.br\/site\/wp-json\/wp\/v2\/media?parent=17852"}],"wp:term":[{"taxonomy":"category","embeddable":true,"href":"https:\/\/radiostudiow.com.br\/site\/wp-json\/wp\/v2\/categories?post=17852"},{"taxonomy":"post_tag","embeddable":true,"href":"https:\/\/radiostudiow.com.br\/site\/wp-json\/wp\/v2\/tags?post=17852"}],"curies":[{"name":"wp","href":"https:\/\/api.w.org\/{rel}","templated":true}]}}