{"id":17864,"date":"2023-12-14T18:10:23","date_gmt":"2023-12-14T21:10:23","guid":{"rendered":"https:\/\/radiostudiow.com.br\/site\/?p=17864"},"modified":"2025-01-31T15:02:26","modified_gmt":"2025-01-31T18:02:26","slug":"mae-relata-tentativa-de-sequestro-de-crianca-em-sao-mateus-do-sul","status":"publish","type":"post","link":"https:\/\/radiostudiow.com.br\/site\/2023\/12\/14\/mae-relata-tentativa-de-sequestro-de-crianca-em-sao-mateus-do-sul\/","title":{"rendered":"M\u00c3E RELATA TENTATIVA DE SEQUESTRO DE CRIAN\u00c7A EM S\u00c3O MATEUS DO SUL"},"content":{"rendered":"\n<p>Uma moradora de S\u00e3o Mateus do Sul, que optamos por preservar sua identifica\u00e7\u00e3o, relatou para a RDX&nbsp;<strong>como foi uma tentativa de sequestro de sua filha de 2 anos e meio em um supermercado da \u00e1rea central do munic\u00edpio<\/strong>&nbsp;na quarta-feira (13).<\/p>\n\n\n\n<figure class=\"wp-block-image size-full\"><img loading=\"lazy\" decoding=\"async\" width=\"598\" height=\"204\" src=\"https:\/\/radiostudiow.com.br\/site\/wp-content\/uploads\/2023\/12\/SITE-MEDIO4.png\" alt=\"\" class=\"wp-image-17598\" srcset=\"https:\/\/radiostudiow.com.br\/site\/wp-content\/uploads\/2023\/12\/SITE-MEDIO4.png 598w, https:\/\/radiostudiow.com.br\/site\/wp-content\/uploads\/2023\/12\/SITE-MEDIO4-300x102.png 300w\" sizes=\"auto, (max-width: 598px) 100vw, 598px\" \/><\/figure>\n\n\n\n<p>De acordo com a m\u00e3e da menor, ela entrou no supermercado com a filha no colo, momento em que ela desceu para brincar com umas bolinhas de m\u00e1quina.<strong><em> \u201cEssa mulher entrou e agarrou minha filha pelo bra\u00e7o. A\u00ed eu olhei pro lado, corri e consegui pegar j\u00e1 na porta\u2026 Minha filha ficou muito assustada, chorando muito no meu ombro. As mo\u00e7as do caixa viram toda a cena\u201d, relatou.<\/em><\/strong><\/p>\n\n\n\n<p>No momento do ocorrido, as profissionais do caixa come\u00e7aram a gritar que chamariam a Pol\u00edcia e a mulher foi embora. Segundo o relato, a mulher tem aproximadamente 60 anos, usava cabelo preso de cor escura com mistura em tons avermelhados, vestia uma saia em cima de uma cal\u00e7a jeans. <strong><em>\u201cMuitas roupas, uma em cima da outra. Ela estava suja e n\u00e3o vi se estava com carro ou a p\u00e9 somente\u201d, informou. Ela tamb\u00e9m n\u00e3o falava portugu\u00eas.<\/em><\/strong><\/p>\n\n\n\n<figure class=\"wp-block-image size-full\"><img decoding=\"async\" src=\"https:\/\/radiostudiow.com.br\/site\/wp-content\/uploads\/2023\/10\/SITE-GRANDE5.png\" alt=\"\" class=\"wp-image-16372\"\/><\/figure>\n\n\n\n<p>A reportagem do Portal RDX procurou a Pol\u00edcia Militar e Pol\u00edcia Civil que informaram que n\u00e3o receberam nenhum relato sobre o caso para a abertura de uma investiga\u00e7\u00e3o. A m\u00e3e da menor foi orientada para o registro do boletim de ocorr\u00eancia.<\/p>\n","protected":false},"excerpt":{"rendered":"<p>Uma moradora de S\u00e3o Mateus do Sul, que optamos por preservar sua identifica\u00e7\u00e3o, relatou para a RDX&nbsp;como foi uma tentativa de sequestro de sua filha de 2 anos e meio em um supermercado da \u00e1rea central do munic\u00edpio&nbsp;na quarta-feira (13). De acordo com a m\u00e3e da menor, ela entrou no supermercado com a filha no [&hellip;]<\/p>\n","protected":false},"author":2,"featured_media":17865,"comment_status":"open","ping_status":"open","sticky":false,"template":"","format":"standard","meta":{"footnotes":""},"categories":[2],"tags":[172],"class_list":["post-17864","post","type-post","status-publish","format-standard","has-post-thumbnail","hentry","category-policial","tag-featured"],"amp_enabled":true,"_links":{"self":[{"href":"https:\/\/radiostudiow.com.br\/site\/wp-json\/wp\/v2\/posts\/17864","targetHints":{"allow":["GET"]}}],"collection":[{"href":"https:\/\/radiostudiow.com.br\/site\/wp-json\/wp\/v2\/posts"}],"about":[{"href":"https:\/\/radiostudiow.com.br\/site\/wp-json\/wp\/v2\/types\/post"}],"author":[{"embeddable":true,"href":"https:\/\/radiostudiow.com.br\/site\/wp-json\/wp\/v2\/users\/2"}],"replies":[{"embeddable":true,"href":"https:\/\/radiostudiow.com.br\/site\/wp-json\/wp\/v2\/comments?post=17864"}],"version-history":[{"count":2,"href":"https:\/\/radiostudiow.com.br\/site\/wp-json\/wp\/v2\/posts\/17864\/revisions"}],"predecessor-version":[{"id":17870,"href":"https:\/\/radiostudiow.com.br\/site\/wp-json\/wp\/v2\/posts\/17864\/revisions\/17870"}],"wp:featuredmedia":[{"embeddable":true,"href":"https:\/\/radiostudiow.com.br\/site\/wp-json\/wp\/v2\/media\/17865"}],"wp:attachment":[{"href":"https:\/\/radiostudiow.com.br\/site\/wp-json\/wp\/v2\/media?parent=17864"}],"wp:term":[{"taxonomy":"category","embeddable":true,"href":"https:\/\/radiostudiow.com.br\/site\/wp-json\/wp\/v2\/categories?post=17864"},{"taxonomy":"post_tag","embeddable":true,"href":"https:\/\/radiostudiow.com.br\/site\/wp-json\/wp\/v2\/tags?post=17864"}],"curies":[{"name":"wp","href":"https:\/\/api.w.org\/{rel}","templated":true}]}}