{"id":17877,"date":"2023-12-15T12:00:22","date_gmt":"2023-12-15T15:00:22","guid":{"rendered":"https:\/\/radiostudiow.com.br\/site\/?p=17877"},"modified":"2025-01-31T15:02:26","modified_gmt":"2025-01-31T18:02:26","slug":"moradora-de-paulo-frontin-morre-apos-acidente-com-maquina-agricola","status":"publish","type":"post","link":"https:\/\/radiostudiow.com.br\/site\/2023\/12\/15\/moradora-de-paulo-frontin-morre-apos-acidente-com-maquina-agricola\/","title":{"rendered":"MORADORA DE PAULO FRONTIN MORRE AP\u00d3S ACIDENTE COM M\u00c1QUINA AGR\u00cdCOLA"},"content":{"rendered":"\n<p>V\u00edtima identificada como Luiza Kovalczuk, de 54 anos, morreu ap\u00f3s sofrer um acidente em uma m\u00e1quina agr\u00edcola na regi\u00e3o do Limoeiro, interior de Paulo Frontin por volta das 17:00 horas desta quinta-feira (14).<\/p>\n\n\n\n<figure class=\"wp-block-image size-full\"><img loading=\"lazy\" decoding=\"async\" width=\"897\" height=\"204\" src=\"https:\/\/radiostudiow.com.br\/site\/wp-content\/uploads\/2023\/10\/SITE-GRANDE3.png\" alt=\"\" class=\"wp-image-16341\" srcset=\"https:\/\/radiostudiow.com.br\/site\/wp-content\/uploads\/2023\/10\/SITE-GRANDE3.png 897w, https:\/\/radiostudiow.com.br\/site\/wp-content\/uploads\/2023\/10\/SITE-GRANDE3-300x68.png 300w, https:\/\/radiostudiow.com.br\/site\/wp-content\/uploads\/2023\/10\/SITE-GRANDE3-768x175.png 768w\" sizes=\"auto, (max-width: 897px) 100vw, 897px\" \/><\/figure>\n\n\n\n<p>De acordo com o relat\u00f3rio policial, a mulher estava trabalhando no campo, ela teria colocado um saco para cair as ra\u00e7\u00f5es que saia da m\u00e1quina quando o seu cabelo acabou sendo puxado para dentro do equipamento.<\/p>\n\n\n\n<p>A mulher sofreu ferimentos muito graves na regi\u00e3o do rosto, al\u00e9m de ter a m\u00e3o decepada pela m\u00e1quina, ela n\u00e3o resistiu aos ferimentos e entrou em \u00f3bito no local.<\/p>\n\n\n\n<p>A Pol\u00edcia Militar isolou a \u00e1rea e acionou a Pol\u00edcia Cient\u00edfica. O corpo foi recolhido pelo Instituto M\u00e9dico Legal \u2013 IML de Uni\u00e3o da Vit\u00f3ria. <\/p>\n\n\n\n<figure class=\"wp-block-gallery has-nested-images columns-default is-cropped wp-block-gallery-1 is-layout-flex wp-block-gallery-is-layout-flex\">\n<figure class=\"wp-block-image size-large\"><img decoding=\"async\" data-id=\"17880\" src=\"https:\/\/radiostudiow.com.br\/site\/wp-content\/uploads\/2023\/12\/image-64-724x1024.png\" alt=\"\" class=\"wp-image-17880\"\/><\/figure>\n\n\n\n<figure class=\"wp-block-image size-large\"><img decoding=\"async\" data-id=\"17879\" src=\"https:\/\/radiostudiow.com.br\/site\/wp-content\/uploads\/2023\/12\/image-63-724x1024.png\" alt=\"\" class=\"wp-image-17879\"\/><\/figure>\n<\/figure>\n","protected":false},"excerpt":{"rendered":"<p>V\u00edtima identificada como Luiza Kovalczuk, de 54 anos, morreu ap\u00f3s sofrer um acidente em uma m\u00e1quina agr\u00edcola na regi\u00e3o do Limoeiro, interior de Paulo Frontin por volta das 17:00 horas desta quinta-feira (14). De acordo com o relat\u00f3rio policial, a mulher estava trabalhando no campo, ela teria colocado um saco para cair as ra\u00e7\u00f5es que [&hellip;]<\/p>\n","protected":false},"author":2,"featured_media":17884,"comment_status":"open","ping_status":"open","sticky":false,"template":"","format":"standard","meta":{"footnotes":""},"categories":[185],"tags":[172],"class_list":["post-17877","post","type-post","status-publish","format-standard","has-post-thumbnail","hentry","category-regional","tag-featured"],"amp_enabled":true,"_links":{"self":[{"href":"https:\/\/radiostudiow.com.br\/site\/wp-json\/wp\/v2\/posts\/17877","targetHints":{"allow":["GET"]}}],"collection":[{"href":"https:\/\/radiostudiow.com.br\/site\/wp-json\/wp\/v2\/posts"}],"about":[{"href":"https:\/\/radiostudiow.com.br\/site\/wp-json\/wp\/v2\/types\/post"}],"author":[{"embeddable":true,"href":"https:\/\/radiostudiow.com.br\/site\/wp-json\/wp\/v2\/users\/2"}],"replies":[{"embeddable":true,"href":"https:\/\/radiostudiow.com.br\/site\/wp-json\/wp\/v2\/comments?post=17877"}],"version-history":[{"count":2,"href":"https:\/\/radiostudiow.com.br\/site\/wp-json\/wp\/v2\/posts\/17877\/revisions"}],"predecessor-version":[{"id":17881,"href":"https:\/\/radiostudiow.com.br\/site\/wp-json\/wp\/v2\/posts\/17877\/revisions\/17881"}],"wp:featuredmedia":[{"embeddable":true,"href":"https:\/\/radiostudiow.com.br\/site\/wp-json\/wp\/v2\/media\/17884"}],"wp:attachment":[{"href":"https:\/\/radiostudiow.com.br\/site\/wp-json\/wp\/v2\/media?parent=17877"}],"wp:term":[{"taxonomy":"category","embeddable":true,"href":"https:\/\/radiostudiow.com.br\/site\/wp-json\/wp\/v2\/categories?post=17877"},{"taxonomy":"post_tag","embeddable":true,"href":"https:\/\/radiostudiow.com.br\/site\/wp-json\/wp\/v2\/tags?post=17877"}],"curies":[{"name":"wp","href":"https:\/\/api.w.org\/{rel}","templated":true}]}}