{"id":17882,"date":"2023-12-16T11:14:50","date_gmt":"2023-12-16T14:14:50","guid":{"rendered":"https:\/\/radiostudiow.com.br\/site\/?p=17882"},"modified":"2025-01-31T15:02:26","modified_gmt":"2025-01-31T18:02:26","slug":"pm-registra-briga-entre-vizinhos-por-causa-de-cachorro-em-mallet","status":"publish","type":"post","link":"https:\/\/radiostudiow.com.br\/site\/2023\/12\/16\/pm-registra-briga-entre-vizinhos-por-causa-de-cachorro-em-mallet\/","title":{"rendered":"PM REGISTRA BRIGA ENTRE VIZINHOS POR CAUSA DE CACHORRO EM MALLET"},"content":{"rendered":"\n<p><strong><em>A equipe da Pol\u00edcia Militar de Mallet foi acionada por volta das 18:00 horas dessa quinta-feira, 14 de dezembro, para atender uma amea\u00e7a no Bairro Eldorado.<\/em><\/strong><\/p>\n\n\n\n<figure class=\"wp-block-image size-full\"><img loading=\"lazy\" decoding=\"async\" width=\"897\" height=\"204\" src=\"https:\/\/radiostudiow.com.br\/site\/wp-content\/uploads\/2023\/10\/SITE-GRANDE3.png\" alt=\"\" class=\"wp-image-16341\" srcset=\"https:\/\/radiostudiow.com.br\/site\/wp-content\/uploads\/2023\/10\/SITE-GRANDE3.png 897w, https:\/\/radiostudiow.com.br\/site\/wp-content\/uploads\/2023\/10\/SITE-GRANDE3-300x68.png 300w, https:\/\/radiostudiow.com.br\/site\/wp-content\/uploads\/2023\/10\/SITE-GRANDE3-768x175.png 768w\" sizes=\"auto, (max-width: 897px) 100vw, 897px\" \/><\/figure>\n\n\n\n<p>Uma mulher informou que um cachorro, do qual n\u00e3o reconhece a propriedade, apareceu em sua resid\u00eancia e devido \u00e0 agressividade do animal ela o prendeu com uma corrente. Ao chegar em casa, foi recebida por um indiv\u00edduo que a amea\u00e7ou, dizendo que &#8220;iria educ\u00e1-la&#8221;, adotando uma postura agressiva que a intimidou, assim, como sua filha pequena.<\/p>\n\n\n\n<p>No local o autor informou para a equipe que a solicitante tem in\u00fameros problemas com a cria\u00e7\u00e3o de animais, havendo v\u00e1rios registros de ocorr\u00eancia e intima\u00e7\u00f5es no F\u00f3rum contra ela. O homem alegou que a solicitante frequentemente recolhe animais da rua, mas n\u00e3o os trata adequadamente.<\/p>\n\n\n\n<p>O homem afirmou que no per\u00edodo da tarde, enquanto retornava para sua resid\u00eancia,  foi atacado pelo cachorro e cobrou da mulher que cuidasse do animal que estava solto por ser agressivo e preso n\u00e3o fica em local adequado, ficando sem \u00e1gua e comida, al\u00e9m de espa\u00e7o limitado e sem abrigo. O autor negou ter feito amea\u00e7as, mas exigiu provid\u00eancias, considerando o cachorro um risco para as pessoas na vizinhan\u00e7a.<\/p>\n\n\n\n<figure class=\"wp-block-image size-full\"><img decoding=\"async\" src=\"https:\/\/radiostudiow.com.br\/site\/wp-content\/uploads\/2023\/10\/SITE-GRANDE-1.png\" alt=\"\" class=\"wp-image-16374\"\/><\/figure>\n\n\n\n<p>Durante o atendimento da ocorr\u00eancia, o cachorro atacou outro cachorro de rua e uma pessoas que passava de bicicleta. Os policiais constataram que a situa\u00e7\u00e3o \u00e9 delicada e o perigo \u00e9 real e iminente, de mandando cuidado e provid\u00eancias de todas as institui\u00e7\u00f5es p\u00fablicas respons\u00e1veis.<\/p>\n\n\n\n<p>O presente Boletim ser\u00e1 encaminhado \u00e0 autoridade de Pol\u00edcia Judici\u00e1ria para aprecia\u00e7\u00e3o e provid\u00eancias, al\u00e9m de ser enviado \u00e0 secretaria do meio ambiente para conhecimento.<\/p>\n\n\n\n<figure class=\"wp-block-image size-full\"><img decoding=\"async\" src=\"https:\/\/radiostudiow.com.br\/site\/wp-content\/uploads\/2023\/12\/image-63.png\" alt=\"\" class=\"wp-image-17904\"\/><\/figure>\n","protected":false},"excerpt":{"rendered":"<p>A equipe da Pol\u00edcia Militar de Mallet foi acionada por volta das 18:00 horas dessa quinta-feira, 14 de dezembro, para atender uma amea\u00e7a no Bairro Eldorado. Uma mulher informou que um cachorro, do qual n\u00e3o reconhece a propriedade, apareceu em sua resid\u00eancia e devido \u00e0 agressividade do animal ela o prendeu com uma corrente. Ao [&hellip;]<\/p>\n","protected":false},"author":2,"featured_media":10718,"comment_status":"open","ping_status":"open","sticky":false,"template":"","format":"standard","meta":{"footnotes":""},"categories":[2],"tags":[172],"class_list":["post-17882","post","type-post","status-publish","format-standard","has-post-thumbnail","hentry","category-policial","tag-featured"],"amp_enabled":true,"_links":{"self":[{"href":"https:\/\/radiostudiow.com.br\/site\/wp-json\/wp\/v2\/posts\/17882","targetHints":{"allow":["GET"]}}],"collection":[{"href":"https:\/\/radiostudiow.com.br\/site\/wp-json\/wp\/v2\/posts"}],"about":[{"href":"https:\/\/radiostudiow.com.br\/site\/wp-json\/wp\/v2\/types\/post"}],"author":[{"embeddable":true,"href":"https:\/\/radiostudiow.com.br\/site\/wp-json\/wp\/v2\/users\/2"}],"replies":[{"embeddable":true,"href":"https:\/\/radiostudiow.com.br\/site\/wp-json\/wp\/v2\/comments?post=17882"}],"version-history":[{"count":2,"href":"https:\/\/radiostudiow.com.br\/site\/wp-json\/wp\/v2\/posts\/17882\/revisions"}],"predecessor-version":[{"id":17907,"href":"https:\/\/radiostudiow.com.br\/site\/wp-json\/wp\/v2\/posts\/17882\/revisions\/17907"}],"wp:featuredmedia":[{"embeddable":true,"href":"https:\/\/radiostudiow.com.br\/site\/wp-json\/wp\/v2\/media\/10718"}],"wp:attachment":[{"href":"https:\/\/radiostudiow.com.br\/site\/wp-json\/wp\/v2\/media?parent=17882"}],"wp:term":[{"taxonomy":"category","embeddable":true,"href":"https:\/\/radiostudiow.com.br\/site\/wp-json\/wp\/v2\/categories?post=17882"},{"taxonomy":"post_tag","embeddable":true,"href":"https:\/\/radiostudiow.com.br\/site\/wp-json\/wp\/v2\/tags?post=17882"}],"curies":[{"name":"wp","href":"https:\/\/api.w.org\/{rel}","templated":true}]}}