{"id":17908,"date":"2023-12-16T12:43:40","date_gmt":"2023-12-16T15:43:40","guid":{"rendered":"https:\/\/radiostudiow.com.br\/site\/?p=17908"},"modified":"2025-01-31T15:02:26","modified_gmt":"2025-01-31T18:02:26","slug":"pm-de-cruz-machado-acaba-com-festa-em-chacara","status":"publish","type":"post","link":"https:\/\/radiostudiow.com.br\/site\/2023\/12\/16\/pm-de-cruz-machado-acaba-com-festa-em-chacara\/","title":{"rendered":"PM DE CRUZ MACHADO ACABA COM FESTA EM CH\u00c1CARA"},"content":{"rendered":"\n<p>A equipe da Pol\u00edcia Militar de Cruz Machado por meio das equipes r\u00e1dio patrulha, rotam e canil acabaram com uma festa que ocorria em uma ch\u00e1cara no interior do munic\u00edpio na madrugada de s\u00e1bado (16).<\/p>\n\n\n\n<figure class=\"wp-block-image size-large\"><img decoding=\"async\" src=\"https:\/\/radiostudiow.com.br\/site\/wp-content\/uploads\/2023\/12\/image-3-1024x390.png\" alt=\"\" class=\"wp-image-17541\"\/><\/figure>\n\n\n\n<p>Conforme informa\u00e7\u00f5es, a Pol\u00edcia recebeu informa\u00e7\u00f5es de que a ch\u00e1cara localizada na linha Pontigal, promovia festas com aglomera\u00e7\u00e3o de pessoas e uso de drogas, sendo procedida com a abordagem.<\/p>\n\n\n\n<p>No local, um grande n\u00famero de pessoas estavam participando, sendo que foi necess\u00e1rio a\u00e7\u00e3o policial para que os suspeitos acatassem as ordens. A Pol\u00edcia encontrou v\u00e1rios adolescentes fazendo uso de bebida alco\u00f3lica e ainda apreendeu um rev\u00f3lver calibre .32 que estava com seis muni\u00e7\u00f5es.<\/p>\n\n\n\n<figure class=\"wp-block-image size-full\"><img loading=\"lazy\" decoding=\"async\" width=\"598\" height=\"204\" src=\"https:\/\/radiostudiow.com.br\/site\/wp-content\/uploads\/2023\/12\/SITE-MEDIO4.png\" alt=\"\" class=\"wp-image-17598\" srcset=\"https:\/\/radiostudiow.com.br\/site\/wp-content\/uploads\/2023\/12\/SITE-MEDIO4.png 598w, https:\/\/radiostudiow.com.br\/site\/wp-content\/uploads\/2023\/12\/SITE-MEDIO4-300x102.png 300w\" sizes=\"auto, (max-width: 598px) 100vw, 598px\" \/><\/figure>\n","protected":false},"excerpt":{"rendered":"<p>A equipe da Pol\u00edcia Militar de Cruz Machado por meio das equipes r\u00e1dio patrulha, rotam e canil acabaram com uma festa que ocorria em uma ch\u00e1cara no interior do munic\u00edpio na madrugada de s\u00e1bado (16). Conforme informa\u00e7\u00f5es, a Pol\u00edcia recebeu informa\u00e7\u00f5es de que a ch\u00e1cara localizada na linha Pontigal, promovia festas com aglomera\u00e7\u00e3o de pessoas [&hellip;]<\/p>\n","protected":false},"author":2,"featured_media":12363,"comment_status":"open","ping_status":"open","sticky":false,"template":"","format":"standard","meta":{"footnotes":""},"categories":[2],"tags":[172],"class_list":["post-17908","post","type-post","status-publish","format-standard","has-post-thumbnail","hentry","category-policial","tag-featured"],"amp_enabled":true,"_links":{"self":[{"href":"https:\/\/radiostudiow.com.br\/site\/wp-json\/wp\/v2\/posts\/17908","targetHints":{"allow":["GET"]}}],"collection":[{"href":"https:\/\/radiostudiow.com.br\/site\/wp-json\/wp\/v2\/posts"}],"about":[{"href":"https:\/\/radiostudiow.com.br\/site\/wp-json\/wp\/v2\/types\/post"}],"author":[{"embeddable":true,"href":"https:\/\/radiostudiow.com.br\/site\/wp-json\/wp\/v2\/users\/2"}],"replies":[{"embeddable":true,"href":"https:\/\/radiostudiow.com.br\/site\/wp-json\/wp\/v2\/comments?post=17908"}],"version-history":[{"count":3,"href":"https:\/\/radiostudiow.com.br\/site\/wp-json\/wp\/v2\/posts\/17908\/revisions"}],"predecessor-version":[{"id":17911,"href":"https:\/\/radiostudiow.com.br\/site\/wp-json\/wp\/v2\/posts\/17908\/revisions\/17911"}],"wp:featuredmedia":[{"embeddable":true,"href":"https:\/\/radiostudiow.com.br\/site\/wp-json\/wp\/v2\/media\/12363"}],"wp:attachment":[{"href":"https:\/\/radiostudiow.com.br\/site\/wp-json\/wp\/v2\/media?parent=17908"}],"wp:term":[{"taxonomy":"category","embeddable":true,"href":"https:\/\/radiostudiow.com.br\/site\/wp-json\/wp\/v2\/categories?post=17908"},{"taxonomy":"post_tag","embeddable":true,"href":"https:\/\/radiostudiow.com.br\/site\/wp-json\/wp\/v2\/tags?post=17908"}],"curies":[{"name":"wp","href":"https:\/\/api.w.org\/{rel}","templated":true}]}}