{"id":17913,"date":"2023-12-17T22:59:27","date_gmt":"2023-12-18T01:59:27","guid":{"rendered":"https:\/\/radiostudiow.com.br\/site\/?p=17913"},"modified":"2025-01-31T15:02:26","modified_gmt":"2025-01-31T18:02:26","slug":"produtores-rurais-de-mallet-sao-prejudicados-pela-falta-de-fornecimento-de-energia-eletrica-na-regiao","status":"publish","type":"post","link":"https:\/\/radiostudiow.com.br\/site\/2023\/12\/17\/produtores-rurais-de-mallet-sao-prejudicados-pela-falta-de-fornecimento-de-energia-eletrica-na-regiao\/","title":{"rendered":"PRODUTORES RURAIS DE MALLET S\u00c3O PREJUDICADOS PELA FALTA DE FORNECIMENTO DE ENERGIA EL\u00c9TRICA NA REGI\u00c3O"},"content":{"rendered":"<div class=\"wp-block-image\">\n<figure class=\"aligncenter size-full\"><img decoding=\"async\" src=\"https:\/\/radiostudiow.com.br\/site\/wp-content\/uploads\/2022\/05\/NUTRI-MALLET.jpg\" alt=\"\" class=\"wp-image-7282\"\/><\/figure>\n<\/div>\n\n\n<p>Falta luz h\u00e1 praticamente 30 horas em v\u00e1rias localidades do interior de Mallet, deixou centenas de agricultores com diversos preju\u00edzos principalmente na \u00e1rea do tabaco.<\/p>\n\n\n\n<p>O relato \u00e9 de agricultores que est\u00e3o sem energia el\u00e9trica desde o final da tarde deste s\u00e1bado (16), em in\u00fameras propriedades do interior do munic\u00edpio.<\/p>\n\n\n\n<p>Em localidades como Vera Cruz e D\u00falcio, produtores de tabaco j\u00e1 contam os preju\u00edzos, pois&nbsp; a secagem do fumo depende muito da energia el\u00e9trica.<\/p>\n\n\n\n<p>Sem contar os produtores de leite que ficam sem poder armazenar o produto e acabam entrando em desespero pela falta de luz na regi\u00e3o.<\/p>\n\n\n\n<p>Um agricultor que pediu para n\u00e3o se identificar mas \u00e9 morador da Col\u00f4nia Vera Cruz,&nbsp; comentou que infelizmente com a falta da luz, necessidades b\u00e1sicas como o banho por exemplo ficam comprometidas. \u201cNecessitamos da energia el\u00e9trica para acionar a bomba de \u00e1gua para encher a caixa e at\u00e9 o gado sofre com isso, pois \u00e9 atrav\u00e9s dela que abastecemos de \u00e1gua a nossa propriedade\u201d, destacou o agricultor o qual relatou ainda que com a chegada das festividades de final de ano, possui o freezer com carne e teme perder tamb\u00e9m se a energia n\u00e3o voltar logo.<\/p>\n\n\n\n<p>A orienta\u00e7\u00e3o \u00e9 para que cada cliente busque contato direto com a COPEL para formalizar reclama\u00e7\u00f5es sobre a falta de energia el\u00e9trica, por\u00e9m foi somente informado que equipes est\u00e3o trabalhando para buscar restabelecer o mais r\u00e1pido poss\u00edvel a energia el\u00e9trica na regi\u00e3o.<\/p>\n\n\n\n<p>A cidade de Mallet registrou chuva acompanhada de ventos fortes ontem s\u00e1bado, deixando v\u00e1rias casas destelhadas tamb\u00e9m na \u00e1rea urbana da cidade.<\/p>\n\n\n\n<p>Segundo a Defesa Civil de Mallet, pelo menos 07 casas foram atendidas pela equipe dos Bombeiros Comunit\u00e1rios na regi\u00e3o&nbsp; do Jardim Em\u00edlia.<\/p>\n\n\n<div class=\"wp-block-image\">\n<figure class=\"aligncenter size-full\"><img decoding=\"async\" src=\"https:\/\/radiostudiow.com.br\/site\/wp-content\/uploads\/2022\/04\/AFUBRE-IRATI.jpg\" alt=\"\" class=\"wp-image-7116\"\/><\/figure>\n<\/div>\n\n\n<figure class=\"wp-block-image size-full\"><img loading=\"lazy\" decoding=\"async\" width=\"682\" height=\"556\" src=\"https:\/\/radiostudiow.com.br\/site\/wp-content\/uploads\/2023\/12\/Imagem-do-WhatsApp-de-2023-12-17-as-22.45.03_fe4aede8.jpg\" alt=\"\" class=\"wp-image-17914\" srcset=\"https:\/\/radiostudiow.com.br\/site\/wp-content\/uploads\/2023\/12\/Imagem-do-WhatsApp-de-2023-12-17-as-22.45.03_fe4aede8.jpg 682w, https:\/\/radiostudiow.com.br\/site\/wp-content\/uploads\/2023\/12\/Imagem-do-WhatsApp-de-2023-12-17-as-22.45.03_fe4aede8-300x245.jpg 300w\" sizes=\"auto, (max-width: 682px) 100vw, 682px\" \/><figcaption class=\"wp-element-caption\"><em>Foto Iustrativa<\/em><\/figcaption><\/figure>\n","protected":false},"excerpt":{"rendered":"<p>Falta luz h\u00e1 praticamente 30 horas em v\u00e1rias localidades do interior de Mallet, deixou centenas de agricultores com diversos preju\u00edzos principalmente na \u00e1rea do tabaco. O relato \u00e9 de agricultores que est\u00e3o sem energia el\u00e9trica desde o final da tarde deste s\u00e1bado (16), em in\u00fameras propriedades do interior do munic\u00edpio. Em localidades como Vera Cruz [&hellip;]<\/p>\n","protected":false},"author":2,"featured_media":17914,"comment_status":"open","ping_status":"open","sticky":false,"template":"","format":"standard","meta":{"footnotes":""},"categories":[184],"tags":[172],"class_list":["post-17913","post","type-post","status-publish","format-standard","has-post-thumbnail","hentry","category-local","tag-featured"],"amp_enabled":true,"_links":{"self":[{"href":"https:\/\/radiostudiow.com.br\/site\/wp-json\/wp\/v2\/posts\/17913","targetHints":{"allow":["GET"]}}],"collection":[{"href":"https:\/\/radiostudiow.com.br\/site\/wp-json\/wp\/v2\/posts"}],"about":[{"href":"https:\/\/radiostudiow.com.br\/site\/wp-json\/wp\/v2\/types\/post"}],"author":[{"embeddable":true,"href":"https:\/\/radiostudiow.com.br\/site\/wp-json\/wp\/v2\/users\/2"}],"replies":[{"embeddable":true,"href":"https:\/\/radiostudiow.com.br\/site\/wp-json\/wp\/v2\/comments?post=17913"}],"version-history":[{"count":2,"href":"https:\/\/radiostudiow.com.br\/site\/wp-json\/wp\/v2\/posts\/17913\/revisions"}],"predecessor-version":[{"id":17916,"href":"https:\/\/radiostudiow.com.br\/site\/wp-json\/wp\/v2\/posts\/17913\/revisions\/17916"}],"wp:featuredmedia":[{"embeddable":true,"href":"https:\/\/radiostudiow.com.br\/site\/wp-json\/wp\/v2\/media\/17914"}],"wp:attachment":[{"href":"https:\/\/radiostudiow.com.br\/site\/wp-json\/wp\/v2\/media?parent=17913"}],"wp:term":[{"taxonomy":"category","embeddable":true,"href":"https:\/\/radiostudiow.com.br\/site\/wp-json\/wp\/v2\/categories?post=17913"},{"taxonomy":"post_tag","embeddable":true,"href":"https:\/\/radiostudiow.com.br\/site\/wp-json\/wp\/v2\/tags?post=17913"}],"curies":[{"name":"wp","href":"https:\/\/api.w.org\/{rel}","templated":true}]}}