{"id":17917,"date":"2023-12-18T09:48:52","date_gmt":"2023-12-18T12:48:52","guid":{"rendered":"https:\/\/radiostudiow.com.br\/site\/?p=17917"},"modified":"2025-01-31T15:02:26","modified_gmt":"2025-01-31T18:02:26","slug":"jovem-de-19-anos-leva-facadas-em-sao-mateus-do-sul","status":"publish","type":"post","link":"https:\/\/radiostudiow.com.br\/site\/2023\/12\/18\/jovem-de-19-anos-leva-facadas-em-sao-mateus-do-sul\/","title":{"rendered":"JOVEM DE 19 ANOS \u00c9 ESFAQUEADO EM S\u00c3O MATEUS DO SUL"},"content":{"rendered":"\n<p>A equipe da Pol\u00edcia Militar foi at\u00e9 o Pronto Atendimento Municipal, onde estava um rapaz de 19 anos que chegou lesionado com ferimentos graves por arma branca. A situa\u00e7\u00e3o ocorreu na Vila Palmeirinha por volta das 20:15 horas desse domingo (17).<\/p>\n\n\n\n<figure class=\"wp-block-image size-full\"><img decoding=\"async\" src=\"https:\/\/radiostudiow.com.br\/site\/wp-content\/uploads\/2023\/10\/SITE-GRANDE2.png\" alt=\"\" class=\"wp-image-16368\"\/><\/figure>\n\n\n\n<p>A v\u00edtima foi encaminhada pelo Corpo de Bombeiros at\u00e9 atendimento m\u00e9dico, onde constataram que sofreu ferimentos na regi\u00e3o do t\u00f3rax, pr\u00f3ximo \u00e0s costelas. Ao entrar em contato com sua m\u00e3e, ela relatou que seu filho foi atacado por um individuo, conhecido da fam\u00edlia.<\/p>\n\n\n\n<p>A equipe dirigiu-se ao endere\u00e7o e avistou o respons\u00e1vel pelos golpes acenando para a viatura. Durante a abordagem, o autor informou que a v\u00edtima o amea\u00e7ou com a faca, tentando esfaque\u00e1-lo, momento que o masculino conseguiu tomar a faca e ferir a v\u00edtima.<\/p>\n\n\n\n<figure class=\"wp-block-image size-full\"><img decoding=\"async\" src=\"https:\/\/radiostudiow.com.br\/site\/wp-content\/uploads\/2023\/10\/SITE-GRANDE5.png\" alt=\"\" class=\"wp-image-16372\"\/><\/figure>\n\n\n\n<p>A equipe conduziu o autor at\u00e9 a Delegacia para os procedimentos de praxe. O objeto do crime n\u00e3o foi localizado e o boletim foi registrado.<\/p>\n","protected":false},"excerpt":{"rendered":"<p>A equipe da Pol\u00edcia Militar foi at\u00e9 o Pronto Atendimento Municipal, onde estava um rapaz de 19 anos que chegou lesionado com ferimentos graves por arma branca. A situa\u00e7\u00e3o ocorreu na Vila Palmeirinha por volta das 20:15 horas desse domingo (17). A v\u00edtima foi encaminhada pelo Corpo de Bombeiros at\u00e9 atendimento m\u00e9dico, onde constataram que [&hellip;]<\/p>\n","protected":false},"author":2,"featured_media":17918,"comment_status":"open","ping_status":"open","sticky":false,"template":"","format":"standard","meta":{"footnotes":""},"categories":[2],"tags":[172],"class_list":["post-17917","post","type-post","status-publish","format-standard","has-post-thumbnail","hentry","category-policial","tag-featured"],"amp_enabled":true,"_links":{"self":[{"href":"https:\/\/radiostudiow.com.br\/site\/wp-json\/wp\/v2\/posts\/17917","targetHints":{"allow":["GET"]}}],"collection":[{"href":"https:\/\/radiostudiow.com.br\/site\/wp-json\/wp\/v2\/posts"}],"about":[{"href":"https:\/\/radiostudiow.com.br\/site\/wp-json\/wp\/v2\/types\/post"}],"author":[{"embeddable":true,"href":"https:\/\/radiostudiow.com.br\/site\/wp-json\/wp\/v2\/users\/2"}],"replies":[{"embeddable":true,"href":"https:\/\/radiostudiow.com.br\/site\/wp-json\/wp\/v2\/comments?post=17917"}],"version-history":[{"count":2,"href":"https:\/\/radiostudiow.com.br\/site\/wp-json\/wp\/v2\/posts\/17917\/revisions"}],"predecessor-version":[{"id":17924,"href":"https:\/\/radiostudiow.com.br\/site\/wp-json\/wp\/v2\/posts\/17917\/revisions\/17924"}],"wp:featuredmedia":[{"embeddable":true,"href":"https:\/\/radiostudiow.com.br\/site\/wp-json\/wp\/v2\/media\/17918"}],"wp:attachment":[{"href":"https:\/\/radiostudiow.com.br\/site\/wp-json\/wp\/v2\/media?parent=17917"}],"wp:term":[{"taxonomy":"category","embeddable":true,"href":"https:\/\/radiostudiow.com.br\/site\/wp-json\/wp\/v2\/categories?post=17917"},{"taxonomy":"post_tag","embeddable":true,"href":"https:\/\/radiostudiow.com.br\/site\/wp-json\/wp\/v2\/tags?post=17917"}],"curies":[{"name":"wp","href":"https:\/\/api.w.org\/{rel}","templated":true}]}}