{"id":17934,"date":"2023-12-18T10:31:12","date_gmt":"2023-12-18T13:31:12","guid":{"rendered":"https:\/\/radiostudiow.com.br\/site\/?p=17934"},"modified":"2025-01-31T15:02:26","modified_gmt":"2025-01-31T18:02:26","slug":"vereadores-de-mallet-votam-hoje-segunda-feira-e-decidem-se-sao-favoraveis-ou-nao-a-doacao-de-terreno-para-a-habitacao-no-municipio","status":"publish","type":"post","link":"https:\/\/radiostudiow.com.br\/site\/2023\/12\/18\/vereadores-de-mallet-votam-hoje-segunda-feira-e-decidem-se-sao-favoraveis-ou-nao-a-doacao-de-terreno-para-a-habitacao-no-municipio\/","title":{"rendered":"VEREADORES DE MALLET VOTAM HOJE SEGUNDA-FEIRA E DECIDEM SE S\u00c3O FAVOR\u00c1VEIS OU N\u00c3O A DOA\u00c7\u00c3O DE TERRENO PARA A HABITA\u00c7\u00c3O NO MUNIC\u00cdPIO"},"content":{"rendered":"\n<p>Hoje a C\u00e2mara de Mallet se reunir\u00e1 \u00e0s 19:00 horas, para os vereadores de Mallet decidirem sobre o projeto de lei que autoriza a Prefeitura Municipal realizar a doa\u00e7\u00e3o do terreno localizado na Rua XV de Novembro, diretamente para mais de 70 fam\u00edlias, onde ser\u00e3o constru\u00eddas suas casas.<\/p>\n\n\n\n<p>Projeto que causou muita pol\u00eamica, pois na \u00faltima semana uma enquete realizada na p\u00e1gina oficial da C\u00e2mara de Vereadores de Mallet, gerou v\u00e1rios coment\u00e1rios da forma que foi publicado, onde o Diretor Comercial \u00c1lvaro Val\u00e9rio da empresa Itagiba, que presta servi\u00e7os de habita\u00e7\u00e3o para a Caixa Econ\u00f4mica Federal,<a href=\"https:\/\/radiostudiow.com.br\/site\/2023\/12\/11\/enquete-sobre-habitacao-em-mallet-gera-discussao\/\" data-type=\"link\" data-id=\"https:\/\/radiostudiow.com.br\/site\/2023\/12\/11\/enquete-sobre-habitacao-em-mallet-gera-discussao\/\"> em entrevista ao programa de r\u00e1dio do Prefeito Moacir e Vice Chico na R\u00e1dio Clube, explicou que teriam ocorrido algumas inverdades nesta enquete, sendo distorcidos alguns fatos.<\/a><\/p>\n\n\n\n<p>Confira a mat\u00e9ria clicando abaixo:<\/p>\n\n\n\n<figure class=\"wp-block-embed is-type-wp-embed is-provider-studio-w wp-block-embed-studio-w\"><div class=\"wp-block-embed__wrapper\">\n<blockquote class=\"wp-embedded-content\" data-secret=\"6fNdZqGtRl\"><a href=\"https:\/\/radiostudiow.com.br\/site\/2023\/12\/11\/enquete-sobre-habitacao-em-mallet-gera-discussao\/\">ENQUETE SOBRE HABITA\u00c7\u00c3O EM MALLET GERA DISCUSS\u00c3O<\/a><\/blockquote><iframe loading=\"lazy\" class=\"wp-embedded-content\" sandbox=\"allow-scripts\" security=\"restricted\" style=\"position: absolute; clip: rect(1px, 1px, 1px, 1px);\" title=\"&#8220;ENQUETE SOBRE HABITA\u00c7\u00c3O EM MALLET GERA DISCUSS\u00c3O&#8221; &#8212; Studio W\" src=\"https:\/\/radiostudiow.com.br\/site\/2023\/12\/11\/enquete-sobre-habitacao-em-mallet-gera-discussao\/embed\/#?secret=rs2yGkGmQn#?secret=6fNdZqGtRl\" data-secret=\"6fNdZqGtRl\" width=\"600\" height=\"338\" frameborder=\"0\" marginwidth=\"0\" marginheight=\"0\" scrolling=\"no\"><\/iframe>\n<\/div><\/figure>\n\n\n\n<p>Pois bem, procuramos saber junto ao Prefeito Moacir Szinvelski, alguns pontos desta pol\u00eamica, j\u00e1 que no \u00faltimo programa de r\u00e1dio do Poder Legislativo, a R\u00e1dio Studio W acabou sendo citado devido a sua reportagem.<\/p>\n\n\n\n<p>Em entrevista, Szinvelski relatou que est\u00e1 muito triste com a pol\u00eamica gerada, pois o \u00fanico intuito \u00e9 trazer a popula\u00e7\u00e3o malletense, mais dignidade e dar \u00e0s fam\u00edlias o direito de conquistar a t\u00e3o sonhada casa pr\u00f3pria.<\/p>\n\n\n\n<blockquote class=\"wp-block-quote is-layout-flow wp-block-quote-is-layout-flow\">\n<p class=\"has-medium-font-size\">\u201cFico triste com o que est\u00e1 acontecendo, pois o que era pra ser uma alegria para dezenas de fam\u00edlias que esperam da Prefeitura esse projeto de habita\u00e7\u00e3o, vem se tornando uma disputa de interesses por um terreno que h\u00e1 anos estava esquecido e agora virou pol\u00eamica. Mas tenho certeza que hoje todos pensaram sobre o melhor para o povo de Mallet\u201d<\/p>\n<\/blockquote>\n\n\n\n<p>O Prefeito Moacir ainda destacou sobre um questionamento feito em um programa da r\u00e1dio, que relatava pelo qual motivo de somente agora a Prefeitura estar fazendo esse projeto para habita\u00e7\u00e3o, j\u00e1 que em 07 anos do mandato como prefeito n\u00e3o teria feito nenhum programa habitacional na cidade.<\/p>\n\n\n\n<blockquote class=\"wp-block-quote has-medium-font-size is-layout-flow wp-block-quote-is-layout-flow\">\n<p class=\"has-medium-font-size\">\u201cTalvez tenha esquecido que em 2019 entregamos a constru\u00e7\u00e3o de casas no Bairro Jardim Em\u00edlia, e ali pude ver a alegria das fam\u00edlias em conquistar a sua casa\u201d<\/p>\n<\/blockquote>\n\n\n\n<p>Link da mat\u00e9ria:<\/p>\n\n\n\n<p><a href=\"https:\/\/www.aen.pr.gov.br\/Noticia\/Casas-populares-sao-entregues-familias-de-Mallet\" target=\"_blank\" rel=\"noreferrer noopener\">Casas populares s\u00e3o entregues a fam\u00edlias de Mallet | Ag\u00eancia Estadual de Not\u00edcias<\/a><\/p>\n\n\n\n<blockquote class=\"wp-block-quote is-layout-flow wp-block-quote-is-layout-flow\">\n<p class=\"has-medium-font-size\">\u201cSem contar que a cada dois anos, sofremos com o processo eleitoral o que impede muitas realiza\u00e7\u00f5es de projetos para melhoramento da nossa cidade. E ano que vem n\u00e3o ser\u00e1 diferente, mesmo eu encerrando a minha administra\u00e7\u00e3o municipal, n\u00e3o poderemos realizar nenhum projeto habitacional, por isso a vota\u00e7\u00e3o ainda esse ano e sem contar que somente agora depois de muito tempo conquistamos esse terreno novamente e temos a possibilidade de colocar em pr\u00e1tica esse Projeto de habita\u00e7\u00e3o\u201d<\/p>\n<\/blockquote>\n\n\n\n<p>Frisou o Chefe do Poder Executivo sobre as grandes dificuldades em trabalhar.<\/p>\n\n\n\n<p>Moacir comentou sobre o principal assunto, deste terreno onde pretendem realizar a doa\u00e7\u00e3o \u00e0s fam\u00edlias cadastradas no programa e gerou at\u00e9 uma enquete sobre o local destinado.<\/p>\n\n\n\n<blockquote class=\"wp-block-quote has-medium-font-size is-layout-flow wp-block-quote-is-layout-flow\">\n<p class=\"has-medium-font-size\">\u201cQuando assumi em 2017 a gest\u00e3o municipal, me deparei com esse grande problema que h\u00e1 anos vinha rolando e somente se pagava os juros e nunca a d\u00edvida. Tive que arcar com essa responsabilidade e no lugar de investir em obras dentro do munic\u00edpio, pagamos mais de 7 milh\u00f5es de reais em precat\u00f3rios s\u00f3 neste terreno e fui alvo at\u00e9 de chacota, porque sempre destaquei essa dificuldade. Conseguimos regularizar e por se tratar de uma \u00e1rea de grande extens\u00e3o e sabendo que muitas fam\u00edlias est\u00e3o precisando de moradia, n\u00e3o tive nenhuma d\u00favida em cobrar do setor de planejamento esse projeto habitacional\u201d<\/p>\n<\/blockquote>\n\n\n\n<blockquote class=\"wp-block-quote is-layout-flow wp-block-quote-is-layout-flow\">\n<p class=\"has-medium-font-size\">\u201cClaro que se formos olhar \u00e9 sim um espa\u00e7o atrativo, onde poderiam ser constru\u00eddos v\u00e1rios projetos, com uma escola, unidade de sa\u00fade, o p\u00e1tio de m\u00e1quinas o qual j\u00e1 fui muito cobrado pelos vereadores sobre a mudan\u00e7a de local e corremos atr\u00e1s e conseguimos a aquisi\u00e7\u00e3o de outro terreno o qual at\u00e9 j\u00e1 possui uma pequena infraestrutura e est\u00e1 em fase de conclus\u00e3o de projeto. At\u00e9 mesmo um Centro Esportivo como se comenta e eu sei da grande import\u00e2ncia, mas pra mim, ainda&nbsp; ter a possibilidade de presentear as fam\u00edlias que h\u00e1 anos esperam por um lugarzinho pra morar e a administra\u00e7\u00e3o tem essa possibilidade de ajudar neste sonho, faz com que eu lute tamb\u00e9m por ele\u201d.<\/p>\n<\/blockquote>\n\n\n\n<p>O Prefeito Moacir finalizou a entrevista falando que est\u00e1 ansioso e otimista na aprova\u00e7\u00e3o deste projeto.<\/p>\n\n\n\n<blockquote class=\"wp-block-quote is-layout-flow wp-block-quote-is-layout-flow\">\n<p class=\"has-medium-font-size\">\u201cNem no passado gerou tanta pol\u00eamica quando foi adquirido um terreno e colocado \u00e0 vota\u00e7\u00e3o para se construir em uma \u00e1rea de alagamento uma nova prefeitura e um valor absurdo de mais de 3 milh\u00f5es de reais. E hoje estamos falando de moradia para a nossa popula\u00e7\u00e3o. Uma pequena parte sim, pelo tanto que ainda se precisa, mas se cada gestor municipal fazer um pouco em um futuro pr\u00f3ximo poderemos ter quem sabe finalizado esse problema de moradia em nossa cidade, por isso estou confiante que nossos vereadores votar\u00e3o sim para dar in\u00edcio a esse projeto de habita\u00e7\u00e3o&#8221;<\/p>\n<\/blockquote>\n\n\n\n<p>Concluiu o Prefeito Moacir Alfredo Szinvelski a nossa reportagem.<\/p>\n\n\n\n<p>Ademais, esse programa de habita\u00e7\u00e3o \u00e9 Federal, agora em parceria tamb\u00e9m com o Estado do Paran\u00e1, devendo o munic\u00edpio doar o terreno. Isso tem acontecido em diversos munic\u00edpios da regi\u00e3o.&nbsp;<\/p>\n\n\n\n<p>Tamb\u00e9m \u00e9 importante destacar que em julho houve altera\u00e7\u00e3o da Lei Federal.<\/p>\n\n\n\n<p>Enfim, hoje \u00e0 noite saberemos como ser\u00e1 a vota\u00e7\u00e3o e se os vereadores ser\u00e3o a favor ou n\u00e3o da doa\u00e7\u00e3o do terreno para as fam\u00edlias.<\/p>\n","protected":false},"excerpt":{"rendered":"<p>Hoje a C\u00e2mara de Mallet se reunir\u00e1 \u00e0s 19:00 horas, para os vereadores de Mallet decidirem sobre o projeto de lei que autoriza a Prefeitura Municipal realizar a doa\u00e7\u00e3o do terreno localizado na Rua XV de Novembro, diretamente para mais de 70 fam\u00edlias, onde ser\u00e3o constru\u00eddas suas casas. Projeto que causou muita pol\u00eamica, pois na [&hellip;]<\/p>\n","protected":false},"author":2,"featured_media":17935,"comment_status":"open","ping_status":"open","sticky":false,"template":"","format":"standard","meta":{"footnotes":""},"categories":[184],"tags":[172],"class_list":["post-17934","post","type-post","status-publish","format-standard","has-post-thumbnail","hentry","category-local","tag-featured"],"amp_enabled":true,"_links":{"self":[{"href":"https:\/\/radiostudiow.com.br\/site\/wp-json\/wp\/v2\/posts\/17934","targetHints":{"allow":["GET"]}}],"collection":[{"href":"https:\/\/radiostudiow.com.br\/site\/wp-json\/wp\/v2\/posts"}],"about":[{"href":"https:\/\/radiostudiow.com.br\/site\/wp-json\/wp\/v2\/types\/post"}],"author":[{"embeddable":true,"href":"https:\/\/radiostudiow.com.br\/site\/wp-json\/wp\/v2\/users\/2"}],"replies":[{"embeddable":true,"href":"https:\/\/radiostudiow.com.br\/site\/wp-json\/wp\/v2\/comments?post=17934"}],"version-history":[{"count":5,"href":"https:\/\/radiostudiow.com.br\/site\/wp-json\/wp\/v2\/posts\/17934\/revisions"}],"predecessor-version":[{"id":17947,"href":"https:\/\/radiostudiow.com.br\/site\/wp-json\/wp\/v2\/posts\/17934\/revisions\/17947"}],"wp:featuredmedia":[{"embeddable":true,"href":"https:\/\/radiostudiow.com.br\/site\/wp-json\/wp\/v2\/media\/17935"}],"wp:attachment":[{"href":"https:\/\/radiostudiow.com.br\/site\/wp-json\/wp\/v2\/media?parent=17934"}],"wp:term":[{"taxonomy":"category","embeddable":true,"href":"https:\/\/radiostudiow.com.br\/site\/wp-json\/wp\/v2\/categories?post=17934"},{"taxonomy":"post_tag","embeddable":true,"href":"https:\/\/radiostudiow.com.br\/site\/wp-json\/wp\/v2\/tags?post=17934"}],"curies":[{"name":"wp","href":"https:\/\/api.w.org\/{rel}","templated":true}]}}