{"id":17958,"date":"2023-12-18T20:50:07","date_gmt":"2023-12-18T23:50:07","guid":{"rendered":"https:\/\/radiostudiow.com.br\/site\/?p=17958"},"modified":"2025-01-31T15:02:26","modified_gmt":"2025-01-31T18:02:26","slug":"mulher-grita-por-socorro-durante-violencia-domestica-em-sao-mateus-do-sul-autor-foi-preso-em-flagrante","status":"publish","type":"post","link":"https:\/\/radiostudiow.com.br\/site\/2023\/12\/18\/mulher-grita-por-socorro-durante-violencia-domestica-em-sao-mateus-do-sul-autor-foi-preso-em-flagrante\/","title":{"rendered":"MULHER GRITA POR SOCORRO DURANTE VIOL\u00caNCIA DOMESTICA EM S\u00c3O MATEUS DO SUL. AUTOR FOI PRESO EM FLAGRANTE"},"content":{"rendered":"\n<p>A equipe da Pol\u00edcia Militar de S\u00e3o Mateus do Sul foi acionada para verificar uma situa\u00e7\u00e3o de viol\u00eancia dom\u00e9stica na Vila Amaral por volta das 21:50 horas desse domingo (17).<\/p>\n\n\n\n<figure class=\"wp-block-image size-full\"><img loading=\"lazy\" decoding=\"async\" width=\"300\" height=\"180\" src=\"https:\/\/radiostudiow.com.br\/site\/wp-content\/uploads\/2023\/10\/SITE-PEQUENO.png\" alt=\"\" class=\"wp-image-16508\"\/><\/figure>\n\n\n\n<p>No local, os policiais foram recebidos pelo vizinho da v\u00edtima, que indicou a resid\u00eancia onde ocorria a situa\u00e7\u00e3o. Ao se aproximar a equipe ouviu pedidos de socorro vindos do interior da casa.<\/p>\n\n\n\n<p>De imediato os policiais entraram na casa, deram voz de abordagem ao autor, o qual estava visivelmente embriagado alterado e agressivo, resistindo e partindo para cima dos policiais, sendo necess\u00e1rio o uso da for\u00e7a para imobiliz\u00e1-lo.<\/p>\n\n\n\n<p>A convivente informou que estava sendo agredida fisicamente, psicologicamente e moralmente, ainda informou que o autor tentou enforca-la e a jogou violentamente na cama, causando uma les\u00e3o na cabe\u00e7a. Dada a gravidade, foi necess\u00e1rio o uso de algemas pela resist\u00eancia ativa.<\/p>\n\n\n\n<figure class=\"wp-block-image size-full\"><img decoding=\"async\" src=\"https:\/\/radiostudiow.com.br\/site\/wp-content\/uploads\/2023\/10\/SITE-GRANDE5.png\" alt=\"\" class=\"wp-image-16372\"\/><\/figure>\n\n\n\n<p>A v\u00edtima deseja representar contra o agressor, destacando que n\u00e3o \u00e9 a primeira vez que isso ocorre quando ele faz uso de \u00e1lcool e coca\u00edna.<\/p>\n\n\n\n<p>Ambos foram encaminhados ao pronto atendimento e posteriormente \u00e0 3\u00aa SDP para as provid\u00eancias cab\u00edveis.<\/p>\n","protected":false},"excerpt":{"rendered":"<p>A equipe da Pol\u00edcia Militar de S\u00e3o Mateus do Sul foi acionada para verificar uma situa\u00e7\u00e3o de viol\u00eancia dom\u00e9stica na Vila Amaral por volta das 21:50 horas desse domingo (17). No local, os policiais foram recebidos pelo vizinho da v\u00edtima, que indicou a resid\u00eancia onde ocorria a situa\u00e7\u00e3o. Ao se aproximar a equipe ouviu pedidos [&hellip;]<\/p>\n","protected":false},"author":2,"featured_media":16838,"comment_status":"open","ping_status":"open","sticky":false,"template":"","format":"standard","meta":{"footnotes":""},"categories":[2],"tags":[172],"class_list":["post-17958","post","type-post","status-publish","format-standard","has-post-thumbnail","hentry","category-policial","tag-featured"],"amp_enabled":true,"_links":{"self":[{"href":"https:\/\/radiostudiow.com.br\/site\/wp-json\/wp\/v2\/posts\/17958","targetHints":{"allow":["GET"]}}],"collection":[{"href":"https:\/\/radiostudiow.com.br\/site\/wp-json\/wp\/v2\/posts"}],"about":[{"href":"https:\/\/radiostudiow.com.br\/site\/wp-json\/wp\/v2\/types\/post"}],"author":[{"embeddable":true,"href":"https:\/\/radiostudiow.com.br\/site\/wp-json\/wp\/v2\/users\/2"}],"replies":[{"embeddable":true,"href":"https:\/\/radiostudiow.com.br\/site\/wp-json\/wp\/v2\/comments?post=17958"}],"version-history":[{"count":2,"href":"https:\/\/radiostudiow.com.br\/site\/wp-json\/wp\/v2\/posts\/17958\/revisions"}],"predecessor-version":[{"id":17961,"href":"https:\/\/radiostudiow.com.br\/site\/wp-json\/wp\/v2\/posts\/17958\/revisions\/17961"}],"wp:featuredmedia":[{"embeddable":true,"href":"https:\/\/radiostudiow.com.br\/site\/wp-json\/wp\/v2\/media\/16838"}],"wp:attachment":[{"href":"https:\/\/radiostudiow.com.br\/site\/wp-json\/wp\/v2\/media?parent=17958"}],"wp:term":[{"taxonomy":"category","embeddable":true,"href":"https:\/\/radiostudiow.com.br\/site\/wp-json\/wp\/v2\/categories?post=17958"},{"taxonomy":"post_tag","embeddable":true,"href":"https:\/\/radiostudiow.com.br\/site\/wp-json\/wp\/v2\/tags?post=17958"}],"curies":[{"name":"wp","href":"https:\/\/api.w.org\/{rel}","templated":true}]}}