{"id":17963,"date":"2023-12-18T21:09:18","date_gmt":"2023-12-19T00:09:18","guid":{"rendered":"https:\/\/radiostudiow.com.br\/site\/?p=17963"},"modified":"2025-01-31T15:02:26","modified_gmt":"2025-01-31T18:02:26","slug":"motorista-morre-em-grave-acidente-em-palmeira","status":"publish","type":"post","link":"https:\/\/radiostudiow.com.br\/site\/2023\/12\/18\/motorista-morre-em-grave-acidente-em-palmeira\/","title":{"rendered":"MOTORISTA MORRE EM GRAVE ACIDENTE NA CIDADE DE PALMEIRA"},"content":{"rendered":"\n<figure class=\"wp-block-image size-large\"><img decoding=\"async\" src=\"https:\/\/radiostudiow.com.br\/site\/wp-content\/uploads\/2023\/12\/image-3-1024x390.png\" alt=\"\" class=\"wp-image-17541\"\/><\/figure>\n\n\n\n<p>A PRF atendeu um acidente envolvendo um autom\u00f3vel VW Polo preto com placas de Curitiba\/PR, o qual colidiu na por\u00e7\u00e3o traseira de um caminh\u00e3o Mercedes Benz com placas de Palmeira\/PR, por volta das 17:00 horas de s\u00e1bado, 16 de dezembro, na BR-277 km 191, em Palmeira.<\/p>\n\n\n\n<p>O condutor do Polo, homem de 53 anos entrou em \u00f3bito no local. O condutor do caminh\u00e3o, homem de 71 anos, n\u00e3o sofreu ferimentos. O Corpo de Bombeiros de Palmeira-PR, DER, bem como IML e Pol\u00edcia Cient\u00edfica de Ponta-Grossa realizaram o atendimento.<\/p>\n\n\n\n<figure class=\"wp-block-image size-full\"><img decoding=\"async\" src=\"https:\/\/radiostudiow.com.br\/site\/wp-content\/uploads\/2023\/10\/SITE-GRANDE5.png\" alt=\"\" class=\"wp-image-16372\"\/><\/figure>\n\n\n\n<p>Informa\u00e7\u00e3o PRF<\/p>\n\n\n\n<p>Imagem Web Radio Palmeira<\/p>\n\n\n\n<p>Colabora\u00e7\u00e3o Rep\u00f3rter Kiko de Oliveira<\/p>\n","protected":false},"excerpt":{"rendered":"<p>A PRF atendeu um acidente envolvendo um autom\u00f3vel VW Polo preto com placas de Curitiba\/PR, o qual colidiu na por\u00e7\u00e3o traseira de um caminh\u00e3o Mercedes Benz com placas de Palmeira\/PR, por volta das 17:00 horas de s\u00e1bado, 16 de dezembro, na BR-277 km 191, em Palmeira. O condutor do Polo, homem de 53 anos entrou [&hellip;]<\/p>\n","protected":false},"author":2,"featured_media":17964,"comment_status":"open","ping_status":"open","sticky":false,"template":"","format":"standard","meta":{"footnotes":""},"categories":[185],"tags":[172],"class_list":["post-17963","post","type-post","status-publish","format-standard","has-post-thumbnail","hentry","category-regional","tag-featured"],"amp_enabled":true,"_links":{"self":[{"href":"https:\/\/radiostudiow.com.br\/site\/wp-json\/wp\/v2\/posts\/17963","targetHints":{"allow":["GET"]}}],"collection":[{"href":"https:\/\/radiostudiow.com.br\/site\/wp-json\/wp\/v2\/posts"}],"about":[{"href":"https:\/\/radiostudiow.com.br\/site\/wp-json\/wp\/v2\/types\/post"}],"author":[{"embeddable":true,"href":"https:\/\/radiostudiow.com.br\/site\/wp-json\/wp\/v2\/users\/2"}],"replies":[{"embeddable":true,"href":"https:\/\/radiostudiow.com.br\/site\/wp-json\/wp\/v2\/comments?post=17963"}],"version-history":[{"count":2,"href":"https:\/\/radiostudiow.com.br\/site\/wp-json\/wp\/v2\/posts\/17963\/revisions"}],"predecessor-version":[{"id":17968,"href":"https:\/\/radiostudiow.com.br\/site\/wp-json\/wp\/v2\/posts\/17963\/revisions\/17968"}],"wp:featuredmedia":[{"embeddable":true,"href":"https:\/\/radiostudiow.com.br\/site\/wp-json\/wp\/v2\/media\/17964"}],"wp:attachment":[{"href":"https:\/\/radiostudiow.com.br\/site\/wp-json\/wp\/v2\/media?parent=17963"}],"wp:term":[{"taxonomy":"category","embeddable":true,"href":"https:\/\/radiostudiow.com.br\/site\/wp-json\/wp\/v2\/categories?post=17963"},{"taxonomy":"post_tag","embeddable":true,"href":"https:\/\/radiostudiow.com.br\/site\/wp-json\/wp\/v2\/tags?post=17963"}],"curies":[{"name":"wp","href":"https:\/\/api.w.org\/{rel}","templated":true}]}}