{"id":1800,"date":"2021-05-12T17:14:16","date_gmt":"2021-05-12T20:14:16","guid":{"rendered":"https:\/\/radiostudiow.com.br\/site\/?p=1800"},"modified":"2025-01-15T09:51:36","modified_gmt":"2025-01-15T12:51:36","slug":"sepac-doa-uma-bomba-infusor-ao-hospital-de-caridade-sao-pedro-de-mallet","status":"publish","type":"post","link":"https:\/\/radiostudiow.com.br\/site\/2021\/05\/12\/sepac-doa-uma-bomba-infusor-ao-hospital-de-caridade-sao-pedro-de-mallet\/","title":{"rendered":"SEPAC DOA UMA BOMBA INFUSORA AO HOSPITAL DE CARIDADE S\u00c3O PEDRO DE MALLET"},"content":{"rendered":"\n<p>Na manh\u00e3 dessa quarta \u2013 feira, 12 de maio, o Hospital de Caridade S\u00e3o Pedro recebeu da empresa <a href=\"https:\/\/www.facebook.com\/grupoSEPAC\/?__cft__%5b0%5d=AZXlKSx-ew-t5V64_-w0b2oZiBH_lUbZZVSBbQn_42K9dOSVvDfT2ZnLy4Jy2BsrGd6ocZC9o2F_okKXgDSFr8YBVF8v7sBFb46llhaGx2Sx3YPDD_9Zv57-zCYWTknzRzE-xIB-7dHxtzbYWPxMWv6M&amp;__tn__=kK-R\">SEPAC<\/a> a doa\u00e7\u00e3o de uma bomba infusor.<\/p>\n\n\n\n<p>Um equipamento com valor significativo, e de suma import\u00e2ncia pra intuba\u00e7\u00e3o e estabiliza\u00e7\u00e3o de pacientes com insufici\u00eancia respirat\u00f3ria. O Hospital n\u00e3o tinha condi\u00e7\u00f5es de adquirir no momento.<\/p>\n\n\n\n<figure class=\"wp-block-image size-large\"><img decoding=\"async\" src=\"https:\/\/radiostudiow.com.br\/site\/wp-content\/uploads\/2021\/02\/SEPAC.jpg\" alt=\"\" class=\"wp-image-668\"\/><\/figure>\n\n\n\n<p>O Dr. Marco Campos entrou em contato com a administra\u00e7\u00e3o para saber a real necessidade do Hospital e a dire\u00e7\u00e3o que acolheu nosso pedido.<\/p>\n\n\n\n<p>Em redes sociais a administra\u00e7\u00e3o do hospital agradece toda a ajuda que a empresa SEPAC faz pela institui\u00e7\u00e3o e pela comunidade.<\/p>\n\n\n\n<p><\/p>\n\n\n\n<figure class=\"wp-block-image size-large\"><img decoding=\"async\" src=\"https:\/\/radiostudiow.com.br\/site\/wp-content\/uploads\/2021\/02\/HF-MALLET.jpg\" alt=\"\" class=\"wp-image-685\"\/><\/figure>\n","protected":false},"excerpt":{"rendered":"<p>Na manh\u00e3 dessa quarta \u2013 feira, 12 de maio, o Hospital de Caridade S\u00e3o Pedro recebeu da empresa SEPAC a doa\u00e7\u00e3o de uma bomba infusor. Um equipamento com valor significativo, e de suma import\u00e2ncia pra intuba\u00e7\u00e3o e estabiliza\u00e7\u00e3o de pacientes com insufici\u00eancia respirat\u00f3ria. O Hospital n\u00e3o tinha condi\u00e7\u00f5es de adquirir no momento. O Dr. Marco [&hellip;]<\/p>\n","protected":false},"author":2,"featured_media":0,"comment_status":"open","ping_status":"open","sticky":false,"template":"","format":"standard","meta":{"footnotes":""},"categories":[7],"tags":[172],"class_list":["post-1800","post","type-post","status-publish","format-standard","hentry","category-geral","tag-featured"],"amp_enabled":true,"_links":{"self":[{"href":"https:\/\/radiostudiow.com.br\/site\/wp-json\/wp\/v2\/posts\/1800","targetHints":{"allow":["GET"]}}],"collection":[{"href":"https:\/\/radiostudiow.com.br\/site\/wp-json\/wp\/v2\/posts"}],"about":[{"href":"https:\/\/radiostudiow.com.br\/site\/wp-json\/wp\/v2\/types\/post"}],"author":[{"embeddable":true,"href":"https:\/\/radiostudiow.com.br\/site\/wp-json\/wp\/v2\/users\/2"}],"replies":[{"embeddable":true,"href":"https:\/\/radiostudiow.com.br\/site\/wp-json\/wp\/v2\/comments?post=1800"}],"version-history":[{"count":2,"href":"https:\/\/radiostudiow.com.br\/site\/wp-json\/wp\/v2\/posts\/1800\/revisions"}],"predecessor-version":[{"id":1808,"href":"https:\/\/radiostudiow.com.br\/site\/wp-json\/wp\/v2\/posts\/1800\/revisions\/1808"}],"wp:attachment":[{"href":"https:\/\/radiostudiow.com.br\/site\/wp-json\/wp\/v2\/media?parent=1800"}],"wp:term":[{"taxonomy":"category","embeddable":true,"href":"https:\/\/radiostudiow.com.br\/site\/wp-json\/wp\/v2\/categories?post=1800"},{"taxonomy":"post_tag","embeddable":true,"href":"https:\/\/radiostudiow.com.br\/site\/wp-json\/wp\/v2\/tags?post=1800"}],"curies":[{"name":"wp","href":"https:\/\/api.w.org\/{rel}","templated":true}]}}