{"id":18004,"date":"2023-12-19T11:27:57","date_gmt":"2023-12-19T14:27:57","guid":{"rendered":"https:\/\/radiostudiow.com.br\/site\/?p=18004"},"modified":"2025-01-31T15:02:25","modified_gmt":"2025-01-31T18:02:25","slug":"mulher-e-filha-vitimas-de-violencia-domestica-procuram-policia-de-mallet","status":"publish","type":"post","link":"https:\/\/radiostudiow.com.br\/site\/2023\/12\/19\/mulher-e-filha-vitimas-de-violencia-domestica-procuram-policia-de-mallet\/","title":{"rendered":"MULHER E FILHA V\u00cdTIMAS DE VIOL\u00caNCIA DOM\u00c9STICA PROCURAM POLICIA DE MALLET"},"content":{"rendered":"\n<p>Uma moradora do Distrito de Dorizon compareceu ao Pelot\u00e3o da Pol\u00edcia Militar de Mallet por volta das 09:00 horas dessa segunda-feira, 18 de dezembro, relatando uma situa\u00e7\u00e3o de amea\u00e7a e viol\u00eancia dom\u00e9stica.<\/p>\n\n\n\n<figure class=\"wp-block-image size-full\"><img decoding=\"async\" src=\"https:\/\/radiostudiow.com.br\/site\/wp-content\/uploads\/2023\/10\/SITE-GRANDE5.png\" alt=\"\" class=\"wp-image-16372\"\/><\/figure>\n\n\n\n<p>De acordo com a v\u00edtima, ela sofre viol\u00eancia dom\u00e9stica a v\u00e1rios anos e que n\u00e3o suporta mais, afirma que seu marido \u00e9 alco\u00f3latra e diariamente a agride fisicamente e psicologicamente. Ela ainda relata que o autor diariamente ingere bebidas alco\u00f3licas desde o per\u00edodo da manh\u00e3, logo ap\u00f3s inicia as agress\u00f5es.<\/p>\n\n\n\n<p>A mulher estava acompanhada da filha do casal, de 09 anos de idade, a qual demonstrava muito medo e tremia, disse que o pai diariamente lhe agride sem qualquer motivo, xinga ela e as suas primas usando palavras de baixo cal\u00e3o.<\/p>\n\n\n\n<figure class=\"wp-block-image size-large\"><img decoding=\"async\" src=\"https:\/\/radiostudiow.com.br\/site\/wp-content\/uploads\/2023\/12\/image-71-1024x1000.png\" alt=\"\" class=\"wp-image-18019\"\/><\/figure>\n\n\n\n<p>A v\u00edtima afirmou que provisoriamente por uns dias pode ficar na casa do seu irm\u00e3o, mas que n\u00e3o tem para onde ir.<\/p>\n\n\n\n<p>Diante da situa\u00e7\u00e3o vulner\u00e1vel a equipe policial se deslocou com a v\u00edtima at\u00e9 a delegacia de Pol\u00edcia Civil na inten\u00e7\u00e3o de agilizar o seu atendimento.<\/p>\n\n\n\n<p><strong>O CREAS de Mallet viabilizou apoio, a solicitante n\u00e3o tem renda e nem moradia.<\/strong><\/p>\n","protected":false},"excerpt":{"rendered":"<p>Uma moradora do Distrito de Dorizon compareceu ao Pelot\u00e3o da Pol\u00edcia Militar de Mallet por volta das 09:00 horas dessa segunda-feira, 18 de dezembro, relatando uma situa\u00e7\u00e3o de amea\u00e7a e viol\u00eancia dom\u00e9stica. De acordo com a v\u00edtima, ela sofre viol\u00eancia dom\u00e9stica a v\u00e1rios anos e que n\u00e3o suporta mais, afirma que seu marido \u00e9 alco\u00f3latra [&hellip;]<\/p>\n","protected":false},"author":2,"featured_media":8143,"comment_status":"open","ping_status":"open","sticky":false,"template":"","format":"standard","meta":{"footnotes":""},"categories":[2],"tags":[172],"class_list":["post-18004","post","type-post","status-publish","format-standard","has-post-thumbnail","hentry","category-policial","tag-featured"],"amp_enabled":true,"_links":{"self":[{"href":"https:\/\/radiostudiow.com.br\/site\/wp-json\/wp\/v2\/posts\/18004","targetHints":{"allow":["GET"]}}],"collection":[{"href":"https:\/\/radiostudiow.com.br\/site\/wp-json\/wp\/v2\/posts"}],"about":[{"href":"https:\/\/radiostudiow.com.br\/site\/wp-json\/wp\/v2\/types\/post"}],"author":[{"embeddable":true,"href":"https:\/\/radiostudiow.com.br\/site\/wp-json\/wp\/v2\/users\/2"}],"replies":[{"embeddable":true,"href":"https:\/\/radiostudiow.com.br\/site\/wp-json\/wp\/v2\/comments?post=18004"}],"version-history":[{"count":5,"href":"https:\/\/radiostudiow.com.br\/site\/wp-json\/wp\/v2\/posts\/18004\/revisions"}],"predecessor-version":[{"id":18026,"href":"https:\/\/radiostudiow.com.br\/site\/wp-json\/wp\/v2\/posts\/18004\/revisions\/18026"}],"wp:featuredmedia":[{"embeddable":true,"href":"https:\/\/radiostudiow.com.br\/site\/wp-json\/wp\/v2\/media\/8143"}],"wp:attachment":[{"href":"https:\/\/radiostudiow.com.br\/site\/wp-json\/wp\/v2\/media?parent=18004"}],"wp:term":[{"taxonomy":"category","embeddable":true,"href":"https:\/\/radiostudiow.com.br\/site\/wp-json\/wp\/v2\/categories?post=18004"},{"taxonomy":"post_tag","embeddable":true,"href":"https:\/\/radiostudiow.com.br\/site\/wp-json\/wp\/v2\/tags?post=18004"}],"curies":[{"name":"wp","href":"https:\/\/api.w.org\/{rel}","templated":true}]}}