{"id":18007,"date":"2023-12-19T10:18:34","date_gmt":"2023-12-19T13:18:34","guid":{"rendered":"https:\/\/radiostudiow.com.br\/site\/?p=18007"},"modified":"2025-01-31T15:02:26","modified_gmt":"2025-01-31T18:02:26","slug":"caminhoneiro-denuncia-saque-de-carga-de-creme-de-leite-apos-acidente-em-general-carneiro","status":"publish","type":"post","link":"https:\/\/radiostudiow.com.br\/site\/2023\/12\/19\/caminhoneiro-denuncia-saque-de-carga-de-creme-de-leite-apos-acidente-em-general-carneiro\/","title":{"rendered":"CAMINHONEIRO DENUNCIA SAQUE DE CARGA DE CREME DE LEITE AP\u00d3S ACIDENTE EM GENERAL CARNEIRO"},"content":{"rendered":"\n<p><strong><em>Foi saqueado cerca de 2.300 mil caixas de creme de leite.<\/em><\/strong><\/p>\n\n\n\n<figure class=\"wp-block-image size-large\"><img decoding=\"async\" src=\"https:\/\/radiostudiow.com.br\/site\/wp-content\/uploads\/2023\/12\/image-41-1024x390.png\" alt=\"\" class=\"wp-image-17744\"\/><\/figure>\n\n\n\n<p>O motorista do caminh\u00e3o carregados com caixas de creme de leite que se envolveu em um acidente durante o fim de semana, na rodovia BR-153, na altura do quil\u00f4metro 486 em General Carneiro, procurou a Pol\u00edcia Militar ap\u00f3s ter a carga parcialmente saqueada.<\/p>\n\n\n\n<p>Segundo informa\u00e7\u00f5es do motorista, ap\u00f3s ter se acidentado ele foi surpreendido por um grupo de saqueadores, ficando acuado e sob graves amea\u00e7as. Os criminosos fazendo uso de r\u00e1dio comunicado iniciaram o saque, roubando 12 paletes com um total de 2.292 mil caixas de creme de leite fechadas.<\/p>\n\n\n\n<figure class=\"wp-block-image size-full\"><img loading=\"lazy\" decoding=\"async\" width=\"598\" height=\"204\" src=\"https:\/\/radiostudiow.com.br\/site\/wp-content\/uploads\/2023\/12\/SITE-MEDIO4.png\" alt=\"\" class=\"wp-image-17598\" srcset=\"https:\/\/radiostudiow.com.br\/site\/wp-content\/uploads\/2023\/12\/SITE-MEDIO4.png 598w, https:\/\/radiostudiow.com.br\/site\/wp-content\/uploads\/2023\/12\/SITE-MEDIO4-300x102.png 300w\" sizes=\"auto, (max-width: 598px) 100vw, 598px\" \/><\/figure>\n\n\n\n<p>O motorista registro o boletim de ocorr\u00eancias e recebeu as orienta\u00e7\u00f5es necess\u00e1rias quanto aos procedimentos cab\u00edveis. O caso foi repassado para a Pol\u00edcia Civil que vai iniciar as investiga\u00e7\u00f5es para identificar os saqueadores e receptadores das caixas de leite roubadas, os quais dever\u00e3o responder pelo crime.<\/p>\n","protected":false},"excerpt":{"rendered":"<p>Foi saqueado cerca de 2.300 mil caixas de creme de leite. O motorista do caminh\u00e3o carregados com caixas de creme de leite que se envolveu em um acidente durante o fim de semana, na rodovia BR-153, na altura do quil\u00f4metro 486 em General Carneiro, procurou a Pol\u00edcia Militar ap\u00f3s ter a carga parcialmente saqueada. Segundo [&hellip;]<\/p>\n","protected":false},"author":2,"featured_media":18008,"comment_status":"open","ping_status":"open","sticky":false,"template":"","format":"standard","meta":{"footnotes":""},"categories":[2],"tags":[172],"class_list":["post-18007","post","type-post","status-publish","format-standard","has-post-thumbnail","hentry","category-policial","tag-featured"],"amp_enabled":true,"_links":{"self":[{"href":"https:\/\/radiostudiow.com.br\/site\/wp-json\/wp\/v2\/posts\/18007","targetHints":{"allow":["GET"]}}],"collection":[{"href":"https:\/\/radiostudiow.com.br\/site\/wp-json\/wp\/v2\/posts"}],"about":[{"href":"https:\/\/radiostudiow.com.br\/site\/wp-json\/wp\/v2\/types\/post"}],"author":[{"embeddable":true,"href":"https:\/\/radiostudiow.com.br\/site\/wp-json\/wp\/v2\/users\/2"}],"replies":[{"embeddable":true,"href":"https:\/\/radiostudiow.com.br\/site\/wp-json\/wp\/v2\/comments?post=18007"}],"version-history":[{"count":1,"href":"https:\/\/radiostudiow.com.br\/site\/wp-json\/wp\/v2\/posts\/18007\/revisions"}],"predecessor-version":[{"id":18009,"href":"https:\/\/radiostudiow.com.br\/site\/wp-json\/wp\/v2\/posts\/18007\/revisions\/18009"}],"wp:featuredmedia":[{"embeddable":true,"href":"https:\/\/radiostudiow.com.br\/site\/wp-json\/wp\/v2\/media\/18008"}],"wp:attachment":[{"href":"https:\/\/radiostudiow.com.br\/site\/wp-json\/wp\/v2\/media?parent=18007"}],"wp:term":[{"taxonomy":"category","embeddable":true,"href":"https:\/\/radiostudiow.com.br\/site\/wp-json\/wp\/v2\/categories?post=18007"},{"taxonomy":"post_tag","embeddable":true,"href":"https:\/\/radiostudiow.com.br\/site\/wp-json\/wp\/v2\/tags?post=18007"}],"curies":[{"name":"wp","href":"https:\/\/api.w.org\/{rel}","templated":true}]}}