{"id":18010,"date":"2023-12-19T10:28:32","date_gmt":"2023-12-19T13:28:32","guid":{"rendered":"https:\/\/radiostudiow.com.br\/site\/?p=18010"},"modified":"2025-01-31T15:02:26","modified_gmt":"2025-01-31T18:02:26","slug":"homem-e-preso-apos-ameacar-sua-mae-e-investir-contra-a-pm-de-uniao-da-vitoria","status":"publish","type":"post","link":"https:\/\/radiostudiow.com.br\/site\/2023\/12\/19\/homem-e-preso-apos-ameacar-sua-mae-e-investir-contra-a-pm-de-uniao-da-vitoria\/","title":{"rendered":"HOMEM \u00c9 PRESO AP\u00d3S AMEA\u00c7AR SUA M\u00c3E E INVESTIR CONTRA A PM DE UNI\u00c3O DA VIT\u00d3RIA"},"content":{"rendered":"\n<p>Um homem foi contido e preso por volta das 13:15 horas dessa segunda-feira, 18 de dezembro, pelos crimes de amea\u00e7a, resist\u00eancia, desacato e desobedi\u00eancia no bairro S\u00e3o Bas\u00edlio Magno em Uni\u00e3o da Vit\u00f3ria.<\/p>\n\n\n\n<figure class=\"wp-block-image size-full\"><img decoding=\"async\" src=\"https:\/\/radiostudiow.com.br\/site\/wp-content\/uploads\/2023\/10\/SITE-GRANDE2.png\" alt=\"\" class=\"wp-image-16368\"\/><\/figure>\n\n\n\n<p>O autor estava extremamente agressivo amea\u00e7ou agredir a pr\u00f3pria m\u00e3e. A v\u00edtima relatou que as amea\u00e7as eram frequente e que temendo pela sua integridade f\u00edsica, j\u00e1 tinha escondido facas e demais objetos pontiagudos.<\/p>\n\n\n\n<p>A Pol\u00edcia diante do desejo de representa\u00e7\u00e3o por parte da v\u00edtima, procedeu com a abordagem, sendo que o suspeito reagiu de maneira viol\u00eancia, investindo contra os policiais. Ele foi contido e conduzido at\u00e9 a delegacia para provid\u00eancias.<\/p>\n\n\n\n<figure class=\"wp-block-image size-full\"><img decoding=\"async\" src=\"https:\/\/radiostudiow.com.br\/site\/wp-content\/uploads\/2023\/10\/SITE-GRANDE5.png\" alt=\"\" class=\"wp-image-16372\"\/><\/figure>\n","protected":false},"excerpt":{"rendered":"<p>Um homem foi contido e preso por volta das 13:15 horas dessa segunda-feira, 18 de dezembro, pelos crimes de amea\u00e7a, resist\u00eancia, desacato e desobedi\u00eancia no bairro S\u00e3o Bas\u00edlio Magno em Uni\u00e3o da Vit\u00f3ria. O autor estava extremamente agressivo amea\u00e7ou agredir a pr\u00f3pria m\u00e3e. A v\u00edtima relatou que as amea\u00e7as eram frequente e que temendo pela [&hellip;]<\/p>\n","protected":false},"author":2,"featured_media":10652,"comment_status":"open","ping_status":"open","sticky":false,"template":"","format":"standard","meta":{"footnotes":""},"categories":[2],"tags":[172],"class_list":["post-18010","post","type-post","status-publish","format-standard","has-post-thumbnail","hentry","category-policial","tag-featured"],"amp_enabled":true,"_links":{"self":[{"href":"https:\/\/radiostudiow.com.br\/site\/wp-json\/wp\/v2\/posts\/18010","targetHints":{"allow":["GET"]}}],"collection":[{"href":"https:\/\/radiostudiow.com.br\/site\/wp-json\/wp\/v2\/posts"}],"about":[{"href":"https:\/\/radiostudiow.com.br\/site\/wp-json\/wp\/v2\/types\/post"}],"author":[{"embeddable":true,"href":"https:\/\/radiostudiow.com.br\/site\/wp-json\/wp\/v2\/users\/2"}],"replies":[{"embeddable":true,"href":"https:\/\/radiostudiow.com.br\/site\/wp-json\/wp\/v2\/comments?post=18010"}],"version-history":[{"count":2,"href":"https:\/\/radiostudiow.com.br\/site\/wp-json\/wp\/v2\/posts\/18010\/revisions"}],"predecessor-version":[{"id":18016,"href":"https:\/\/radiostudiow.com.br\/site\/wp-json\/wp\/v2\/posts\/18010\/revisions\/18016"}],"wp:featuredmedia":[{"embeddable":true,"href":"https:\/\/radiostudiow.com.br\/site\/wp-json\/wp\/v2\/media\/10652"}],"wp:attachment":[{"href":"https:\/\/radiostudiow.com.br\/site\/wp-json\/wp\/v2\/media?parent=18010"}],"wp:term":[{"taxonomy":"category","embeddable":true,"href":"https:\/\/radiostudiow.com.br\/site\/wp-json\/wp\/v2\/categories?post=18010"},{"taxonomy":"post_tag","embeddable":true,"href":"https:\/\/radiostudiow.com.br\/site\/wp-json\/wp\/v2\/tags?post=18010"}],"curies":[{"name":"wp","href":"https:\/\/api.w.org\/{rel}","templated":true}]}}