{"id":18012,"date":"2023-12-19T10:33:14","date_gmt":"2023-12-19T13:33:14","guid":{"rendered":"https:\/\/radiostudiow.com.br\/site\/?p=18012"},"modified":"2025-01-31T15:02:26","modified_gmt":"2025-01-31T18:02:26","slug":"cerca-de-100-metro-de-fiacao-da-rede-eletrica-foram-furtados-de-residencia-em-porto-vitoria","status":"publish","type":"post","link":"https:\/\/radiostudiow.com.br\/site\/2023\/12\/19\/cerca-de-100-metro-de-fiacao-da-rede-eletrica-foram-furtados-de-residencia-em-porto-vitoria\/","title":{"rendered":"CERCA DE 100 METRO DE FIA\u00c7\u00c3O DA REDE EL\u00c9TRICA FORAM FURTADOS DE RESID\u00caNCIA EM PORTO VIT\u00d3RIA"},"content":{"rendered":"\n<p>A equipe da Pol\u00edcia Militar de Porto Vit\u00f3ria foi acionada ap\u00f3s uma resid\u00eancia da localidade, Linha Jangada, teve toda sua rede el\u00e9trica furtada nessa segunda-feira (18).<\/p>\n\n\n\n<figure class=\"wp-block-image size-full\"><img loading=\"lazy\" decoding=\"async\" width=\"598\" height=\"204\" src=\"https:\/\/radiostudiow.com.br\/site\/wp-content\/uploads\/2023\/10\/SITE-MEDIO.png\" alt=\"\" class=\"wp-image-16319\" srcset=\"https:\/\/radiostudiow.com.br\/site\/wp-content\/uploads\/2023\/10\/SITE-MEDIO.png 598w, https:\/\/radiostudiow.com.br\/site\/wp-content\/uploads\/2023\/10\/SITE-MEDIO-300x102.png 300w\" sizes=\"auto, (max-width: 598px) 100vw, 598px\" \/><\/figure>\n\n\n\n<p>O propriet\u00e1rio relatou para os policiais que a casa estava fechada h\u00e1 alguns dias e ao retornar, constatou que a resid\u00eancia tinha sido arrombada e aproximadamente 100 metros de fios el\u00e9tricos havia sido furtados.<\/p>\n\n\n\n<p>O propriet\u00e1rio ainda relatou para a Pol\u00edcia que essa n\u00e3o foi a primeira vez que o local foi invadido. O caso foi registrado e o morador recebeu as orienta\u00e7\u00f5es necess\u00e1rias quanto aos procedimentos.<\/p>\n\n\n\n<figure class=\"wp-block-image size-large\"><img decoding=\"async\" src=\"https:\/\/radiostudiow.com.br\/site\/wp-content\/uploads\/2023\/12\/412280901_704402551795672_7164512168039814022_n-1024x352.png\" alt=\"\" class=\"wp-image-18000\"\/><\/figure>\n","protected":false},"excerpt":{"rendered":"<p>A equipe da Pol\u00edcia Militar de Porto Vit\u00f3ria foi acionada ap\u00f3s uma resid\u00eancia da localidade, Linha Jangada, teve toda sua rede el\u00e9trica furtada nessa segunda-feira (18). O propriet\u00e1rio relatou para os policiais que a casa estava fechada h\u00e1 alguns dias e ao retornar, constatou que a resid\u00eancia tinha sido arrombada e aproximadamente 100 metros de [&hellip;]<\/p>\n","protected":false},"author":2,"featured_media":0,"comment_status":"open","ping_status":"open","sticky":false,"template":"","format":"standard","meta":{"footnotes":""},"categories":[2],"tags":[172],"class_list":["post-18012","post","type-post","status-publish","format-standard","hentry","category-policial","tag-featured"],"amp_enabled":true,"_links":{"self":[{"href":"https:\/\/radiostudiow.com.br\/site\/wp-json\/wp\/v2\/posts\/18012","targetHints":{"allow":["GET"]}}],"collection":[{"href":"https:\/\/radiostudiow.com.br\/site\/wp-json\/wp\/v2\/posts"}],"about":[{"href":"https:\/\/radiostudiow.com.br\/site\/wp-json\/wp\/v2\/types\/post"}],"author":[{"embeddable":true,"href":"https:\/\/radiostudiow.com.br\/site\/wp-json\/wp\/v2\/users\/2"}],"replies":[{"embeddable":true,"href":"https:\/\/radiostudiow.com.br\/site\/wp-json\/wp\/v2\/comments?post=18012"}],"version-history":[{"count":2,"href":"https:\/\/radiostudiow.com.br\/site\/wp-json\/wp\/v2\/posts\/18012\/revisions"}],"predecessor-version":[{"id":18017,"href":"https:\/\/radiostudiow.com.br\/site\/wp-json\/wp\/v2\/posts\/18012\/revisions\/18017"}],"wp:attachment":[{"href":"https:\/\/radiostudiow.com.br\/site\/wp-json\/wp\/v2\/media?parent=18012"}],"wp:term":[{"taxonomy":"category","embeddable":true,"href":"https:\/\/radiostudiow.com.br\/site\/wp-json\/wp\/v2\/categories?post=18012"},{"taxonomy":"post_tag","embeddable":true,"href":"https:\/\/radiostudiow.com.br\/site\/wp-json\/wp\/v2\/tags?post=18012"}],"curies":[{"name":"wp","href":"https:\/\/api.w.org\/{rel}","templated":true}]}}