{"id":18022,"date":"2023-12-19T18:01:13","date_gmt":"2023-12-19T21:01:13","guid":{"rendered":"https:\/\/radiostudiow.com.br\/site\/?p=18022"},"modified":"2025-01-31T15:02:25","modified_gmt":"2025-01-31T18:02:25","slug":"pcpr-deflagra-operacao-xeque-mate-no-parana","status":"publish","type":"post","link":"https:\/\/radiostudiow.com.br\/site\/2023\/12\/19\/pcpr-deflagra-operacao-xeque-mate-no-parana\/","title":{"rendered":"PCPR DEFLAGRA OPERA\u00c7\u00c3O XEQUE MATE NO PARAN\u00c1"},"content":{"rendered":"\n<p><em>As investiga\u00e7\u00f5es apontaram atua\u00e7\u00e3o n\u00e3o s\u00f3 na regi\u00e3o sudoeste, mas tamb\u00e9m em outras cidades como General Carneiro, Uni\u00e3o da Vit\u00f3ria e Marechal C\u00e2ndido Rondon, indicando a suposta participa\u00e7\u00e3o de outras 18 pessoas.<\/em><\/p>\n\n\n\n<figure class=\"wp-block-image size-full\"><img decoding=\"async\" src=\"https:\/\/radiostudiow.com.br\/site\/wp-content\/uploads\/2023\/10\/SITE-GRANDE2.png\" alt=\"\" class=\"wp-image-16368\"\/><\/figure>\n\n\n\n<p>Em 17 de outubro do corrente ano, por volta das 19h15min, policiais militares realizaram a abordagem a um ve\u00edculo VW\/Gol, que possu\u00eda em seu interior dois masculinos e mais uma adolescente. Em revista veicular, os castrenses lograram \u00eaxito em localizar 147 kg de maconha. Encaminhada a situa\u00e7\u00e3o \u00e0 Pol\u00edcia Civil, houve a confec\u00e7\u00e3o do respectivo auto de pris\u00e3o em flagrante em rela\u00e7\u00e3o aos dois homens, bem como o procedimento espec\u00edfico em rela\u00e7\u00e3o \u00e0 adolescente.<\/p>\n\n\n\n<p>Em continuidade investigativa perpetrada em conjunto pelas Delegacias de Salto do Lontra, Dois Vizinhos e da 19\u00aa Subdivis\u00e3o Policial de Francisco Beltr\u00e3o, a Pol\u00edcia Civil (PCPR) logrou \u00eaxito em verificar uma s\u00e9rie de conex\u00f5es com terceiros e ind\u00edcios para a venda de drogas (em especial maconha, coca\u00edna e crack), al\u00e9m de men\u00e7\u00f5es e s\u00edmbolo referentes a uma fac\u00e7\u00e3o criminosa.<\/p>\n\n\n\n<p>As investiga\u00e7\u00f5es apontaram atua\u00e7\u00e3o n\u00e3o s\u00f3 na regi\u00e3o sudoeste, mas tamb\u00e9m em outras cidades como General Carneiro, Uni\u00e3o da Vit\u00f3ria e Marechal C\u00e2ndido Rondon, indicando a suposta participa\u00e7\u00e3o de outras 18 pessoas. Destes alvos citados, foi poss\u00edvel verificar que diversos j\u00e1 possu\u00edam passagens policiais e outros inclusive encontram-se detidos em unidades prisionais em Francisco Beltr\u00e3o e Pitanga.<\/p>\n\n\n\n<figure class=\"wp-block-image size-full\"><img decoding=\"async\" src=\"https:\/\/radiostudiow.com.br\/site\/wp-content\/uploads\/2023\/12\/SITE-PEQUENO3.png\" alt=\"\" class=\"wp-image-17616\"\/><\/figure>\n\n\n\n<p>Neste contexto, o Delegado Rafael Moraes Tavares formalizou representa\u00e7\u00e3o por buscas domiciliares, sendo cumpridos na data de hoje 13 mandados de busca domiciliar em Francisco Beltr\u00e3o, al\u00e9m de outras quatro determina\u00e7\u00f5es para buscas pessoais e vistorias nos alvos que se encontravam detidos nas unidades do Departamento de Pol\u00edcia Penal.<\/p>\n\n\n\n<p>Os mandados foram cumpridos por aproximadamente 80 policiais civis de diversas unidades da regi\u00e3o sudoeste (Francisco Beltr\u00e3o, Pato Branco, Palmas, Dois Vizinhos, Marmeleiro, Salto do Lontra, Amp\u00e9re, Barrac\u00e3o, Santo Ant\u00f4nio do Sudoeste, Realeza e Capanema), contando tamb\u00e9m com c\u00e3es farejadores do N\u00facleo de Opera\u00e7\u00f5es com C\u00e3es (NOC\/PCPR e NOC\/PCSC), resultando na localiza\u00e7\u00e3o de il\u00edcitos (por\u00e7\u00f5es de maconha, crack, muni\u00e7\u00f5es de calibre .22, .38 e 9mm). Houve assim a formaliza\u00e7\u00e3o de duas pris\u00f5es em flagrante, bem como a formaliza\u00e7\u00e3o de outros dois termos circunstanciados.<\/p>\n\n\n\n<p>Ademais, a opera\u00e7\u00e3o resultou na apreens\u00e3o de outros elementos informativos que possibilitar\u00e3o o aprofundamento ainda mais das investiga\u00e7\u00f5es e possivelmente a deflagra\u00e7\u00e3o de uma segunda fase.<\/p>\n\n\n\n<figure class=\"wp-block-image size-full\"><img loading=\"lazy\" decoding=\"async\" width=\"598\" height=\"204\" src=\"https:\/\/radiostudiow.com.br\/site\/wp-content\/uploads\/2023\/10\/SITE-MEDIO.png\" alt=\"\" class=\"wp-image-16319\" srcset=\"https:\/\/radiostudiow.com.br\/site\/wp-content\/uploads\/2023\/10\/SITE-MEDIO.png 598w, https:\/\/radiostudiow.com.br\/site\/wp-content\/uploads\/2023\/10\/SITE-MEDIO-300x102.png 300w\" sizes=\"auto, (max-width: 598px) 100vw, 598px\" \/><\/figure>\n\n\n\n<p><strong><em>\u201cOpera\u00e7\u00f5es como a de hoje est\u00e3o se tornando cada vez mais corriqueiras. Tivemos n\u00fameros expressivos de pris\u00f5es e de mandados cumpridos ao longo do ano, fruto da dedica\u00e7\u00e3o dos policiais civis e das melhorias em rela\u00e7\u00e3o ao efetivo e estrutura. Estamos conseguindo cada vez aprofundar nas investiga\u00e7\u00f5es, n\u00e3o nos limitando \u00e0 atua\u00e7\u00e3o flagrancial, sendo que, n\u00e3o raro, uma abordagem inicialmente acaba ensejando cumprimentos de mandados subsequentes, o que certamente traz maior seguran\u00e7a e tranquilidade para a nossa popula\u00e7\u00e3o\u201d, ressaltou o Delegado Ricardo Moraes da 19\u00aa SDP de Francisco Beltr\u00e3o.<\/em><\/strong><\/p>\n\n\n\n<p>De igual maneira, o Delegado Rafael Moraes Tavares exp\u00f4s que <strong><em>\u201cA Pol\u00edcia Civil do Paran\u00e1 tem trabalhado diuturnamente contra o tr\u00e1fico de drogas il\u00edcitas e as organiza\u00e7\u00f5es criminosas. Opera\u00e7\u00f5es de repress\u00e3o qualificada como a de hoje, com a possibilidade de retirar das ruas significativas quantidades de drogas, armas e muni\u00e7\u00f5es, estreita ainda mais a rela\u00e7\u00e3o de confian\u00e7a da popula\u00e7\u00e3o com o servi\u00e7o policial, que passar\u00e1 a sentir mais seguran\u00e7a em denunciar novos casos de tr\u00e1fico ou outros crimes graves que tamb\u00e9m devem ser investigados e reprimidos\u201d.<\/em><\/strong><\/p>\n\n\n\n<p><em>Informa\u00e7\u00e3o e Imagens 19\u00b0SDP \/ Colabora\u00e7\u00e3o Rep\u00f3rter Kiko de Oliveira<\/em><\/p>\n","protected":false},"excerpt":{"rendered":"<p>As investiga\u00e7\u00f5es apontaram atua\u00e7\u00e3o n\u00e3o s\u00f3 na regi\u00e3o sudoeste, mas tamb\u00e9m em outras cidades como General Carneiro, Uni\u00e3o da Vit\u00f3ria e Marechal C\u00e2ndido Rondon, indicando a suposta participa\u00e7\u00e3o de outras 18 pessoas. Em 17 de outubro do corrente ano, por volta das 19h15min, policiais militares realizaram a abordagem a um ve\u00edculo VW\/Gol, que possu\u00eda em [&hellip;]<\/p>\n","protected":false},"author":2,"featured_media":18028,"comment_status":"open","ping_status":"open","sticky":false,"template":"","format":"standard","meta":{"footnotes":""},"categories":[2],"tags":[172],"class_list":["post-18022","post","type-post","status-publish","format-standard","has-post-thumbnail","hentry","category-policial","tag-featured"],"amp_enabled":true,"_links":{"self":[{"href":"https:\/\/radiostudiow.com.br\/site\/wp-json\/wp\/v2\/posts\/18022","targetHints":{"allow":["GET"]}}],"collection":[{"href":"https:\/\/radiostudiow.com.br\/site\/wp-json\/wp\/v2\/posts"}],"about":[{"href":"https:\/\/radiostudiow.com.br\/site\/wp-json\/wp\/v2\/types\/post"}],"author":[{"embeddable":true,"href":"https:\/\/radiostudiow.com.br\/site\/wp-json\/wp\/v2\/users\/2"}],"replies":[{"embeddable":true,"href":"https:\/\/radiostudiow.com.br\/site\/wp-json\/wp\/v2\/comments?post=18022"}],"version-history":[{"count":2,"href":"https:\/\/radiostudiow.com.br\/site\/wp-json\/wp\/v2\/posts\/18022\/revisions"}],"predecessor-version":[{"id":18027,"href":"https:\/\/radiostudiow.com.br\/site\/wp-json\/wp\/v2\/posts\/18022\/revisions\/18027"}],"wp:featuredmedia":[{"embeddable":true,"href":"https:\/\/radiostudiow.com.br\/site\/wp-json\/wp\/v2\/media\/18028"}],"wp:attachment":[{"href":"https:\/\/radiostudiow.com.br\/site\/wp-json\/wp\/v2\/media?parent=18022"}],"wp:term":[{"taxonomy":"category","embeddable":true,"href":"https:\/\/radiostudiow.com.br\/site\/wp-json\/wp\/v2\/categories?post=18022"},{"taxonomy":"post_tag","embeddable":true,"href":"https:\/\/radiostudiow.com.br\/site\/wp-json\/wp\/v2\/tags?post=18022"}],"curies":[{"name":"wp","href":"https:\/\/api.w.org\/{rel}","templated":true}]}}