{"id":18063,"date":"2023-12-20T19:03:19","date_gmt":"2023-12-20T22:03:19","guid":{"rendered":"https:\/\/radiostudiow.com.br\/site\/?p=18063"},"modified":"2025-01-31T15:02:25","modified_gmt":"2025-01-31T18:02:25","slug":"grupo-bahniuk-recebe-mocao-de-aplausos-na-camara-municipal","status":"publish","type":"post","link":"https:\/\/radiostudiow.com.br\/site\/2023\/12\/20\/grupo-bahniuk-recebe-mocao-de-aplausos-na-camara-municipal\/","title":{"rendered":"GRUPO BAHNIUK RECEBE MO\u00c7\u00c3O DE APLAUSOS NA C\u00c2MARA MUNICIPAL DE UNI\u00c3O DA VIT\u00d3RIA"},"content":{"rendered":"\n<p><em>Na 40\u00aa Sess\u00e3o Ordin\u00e1ria, realizada no \u00faltimo dia 18, os vereadores Andr\u00e9 Cristiano Henik, J\u00falio Adilson Pires Filho, Valdecir Jos\u00e9 Ratko e Alex de Anast\u00e1cio propuseram uma mo\u00e7\u00e3o de aplausos, acolhida por unanimidade, em reconhecimento ao\u00a0<strong>Grupo Bahniuk<\/strong>\u00a0pelos seus 48 anos de hist\u00f3ria e contribui\u00e7\u00e3o para o desenvolvimento econ\u00f4mico e social da regi\u00e3o.<\/em><\/p>\n\n\n\n<figure class=\"wp-block-image size-large\"><img decoding=\"async\" src=\"https:\/\/radiostudiow.com.br\/site\/wp-content\/uploads\/2023\/12\/image-81-1024x387.png\" alt=\"\" class=\"wp-image-18066\"\/><\/figure>\n\n\n\n<p>O Grupo Bahniuk, atualmente liderado pelos s\u00f3cios e irm\u00e3os\u00a0<strong>Clemente, Sim\u00e3o e Cleide, come\u00e7ou sua trajet\u00f3ria empreendedora h\u00e1 50 anos, quando o casal Sr. Dem\u00e9trio e Sra. Eva, pais dos atuais gestores, inauguraram uma modesta mercearia em Mallet.<\/strong>\u00a0Desde ent\u00e3o, o grupo vem crescendo e se destacando pela gest\u00e3o financeira sustent\u00e1vel e eficiente, abrangendo diversas empresas, tais como o\u00a0<em><strong>10 Atacadista, UFV, P\u00e3es V\u00f3 Eva e Bah Log Transportes.<\/strong><\/em><\/p>\n\n\n\n<p>O mais recente empreendimento do grupo, o&nbsp;<em>10 Atacadista,<\/em>&nbsp;rec\u00e9m-inaugurado, representa um marco na regi\u00e3o.<\/p>\n\n\n\n<p>Com mais de 10 mil metros quadrados de \u00e1rea constru\u00edda e um mix de produtos que ultrapassa 12 mil itens, o atacadista n\u00e3o apenas oferece solu\u00e7\u00f5es inovadoras para os consumidores, mas tamb\u00e9m promove experi\u00eancias de compra diferenciadas.<\/p>\n\n\n\n<p>Al\u00e9m do sucesso comercial, o Grupo Bahniuk destaca-se pelo seu compromisso social.\u00a0<strong>Em \u00e9pocas de dificuldades, a empresa prestou aux\u00edlio \u00e0 popula\u00e7\u00e3o atingida pela cheia do Rio Igua\u00e7u, fornecendo p\u00e3o diariamente aos desabrigados e realizando doa\u00e7\u00f5es \u00e0 APRAS, totalizando 8 mil litros de leite.<\/strong><\/p>\n\n\n\n<figure class=\"wp-block-image size-full\"><img decoding=\"async\" src=\"https:\/\/radiostudiow.com.br\/site\/wp-content\/uploads\/2023\/10\/SITE-GRANDE5.png\" alt=\"\" class=\"wp-image-16372\"\/><\/figure>\n\n\n\n<p>Atualmente, o grupo \u00e9 respons\u00e1vel por mais de 700 empregos diretos nas cidades de Mallet, Ant\u00f4nio Olinto, Paula Freitas, Paulo Frontin, Uni\u00e3o da Vit\u00f3ria e em breve Palmeira.<\/p>\n\n\n\n<p><strong>Em Uni\u00e3o da Vit\u00f3ria, especificamente, o grupo fomenta a gera\u00e7\u00e3o de mais de 400 vagas de empregos diretos e indiretos, contribuindo significativamente para o crescimento econ\u00f4mico e a prosperidade da comunidade local.<\/strong><\/p>\n\n\n\n<figure class=\"wp-block-image size-full\"><img decoding=\"async\" src=\"https:\/\/radiostudiow.com.br\/site\/wp-content\/uploads\/2023\/12\/image-79.png\" alt=\"\" class=\"wp-image-18064\"\/><\/figure>\n","protected":false},"excerpt":{"rendered":"<p>Na 40\u00aa Sess\u00e3o Ordin\u00e1ria, realizada no \u00faltimo dia 18, os vereadores Andr\u00e9 Cristiano Henik, J\u00falio Adilson Pires Filho, Valdecir Jos\u00e9 Ratko e Alex de Anast\u00e1cio propuseram uma mo\u00e7\u00e3o de aplausos, acolhida por unanimidade, em reconhecimento ao\u00a0Grupo Bahniuk\u00a0pelos seus 48 anos de hist\u00f3ria e contribui\u00e7\u00e3o para o desenvolvimento econ\u00f4mico e social da regi\u00e3o. O Grupo Bahniuk, [&hellip;]<\/p>\n","protected":false},"author":2,"featured_media":0,"comment_status":"open","ping_status":"open","sticky":false,"template":"","format":"standard","meta":{"footnotes":""},"categories":[185],"tags":[172],"class_list":["post-18063","post","type-post","status-publish","format-standard","hentry","category-regional","tag-featured"],"amp_enabled":true,"_links":{"self":[{"href":"https:\/\/radiostudiow.com.br\/site\/wp-json\/wp\/v2\/posts\/18063","targetHints":{"allow":["GET"]}}],"collection":[{"href":"https:\/\/radiostudiow.com.br\/site\/wp-json\/wp\/v2\/posts"}],"about":[{"href":"https:\/\/radiostudiow.com.br\/site\/wp-json\/wp\/v2\/types\/post"}],"author":[{"embeddable":true,"href":"https:\/\/radiostudiow.com.br\/site\/wp-json\/wp\/v2\/users\/2"}],"replies":[{"embeddable":true,"href":"https:\/\/radiostudiow.com.br\/site\/wp-json\/wp\/v2\/comments?post=18063"}],"version-history":[{"count":2,"href":"https:\/\/radiostudiow.com.br\/site\/wp-json\/wp\/v2\/posts\/18063\/revisions"}],"predecessor-version":[{"id":18070,"href":"https:\/\/radiostudiow.com.br\/site\/wp-json\/wp\/v2\/posts\/18063\/revisions\/18070"}],"wp:attachment":[{"href":"https:\/\/radiostudiow.com.br\/site\/wp-json\/wp\/v2\/media?parent=18063"}],"wp:term":[{"taxonomy":"category","embeddable":true,"href":"https:\/\/radiostudiow.com.br\/site\/wp-json\/wp\/v2\/categories?post=18063"},{"taxonomy":"post_tag","embeddable":true,"href":"https:\/\/radiostudiow.com.br\/site\/wp-json\/wp\/v2\/tags?post=18063"}],"curies":[{"name":"wp","href":"https:\/\/api.w.org\/{rel}","templated":true}]}}