{"id":18075,"date":"2023-12-21T09:58:39","date_gmt":"2023-12-21T12:58:39","guid":{"rendered":"https:\/\/radiostudiow.com.br\/site\/?p=18075"},"modified":"2025-01-31T15:02:25","modified_gmt":"2025-01-31T18:02:25","slug":"homem-procura-pm-de-cruz-machado-apos-ameacas","status":"publish","type":"post","link":"https:\/\/radiostudiow.com.br\/site\/2023\/12\/21\/homem-procura-pm-de-cruz-machado-apos-ameacas\/","title":{"rendered":"HOMEM PROCURA PM DE CRUZ MACHADO AP\u00d3S RECEBER AMEA\u00c7AS"},"content":{"rendered":"\n<p>Um homem compareceu ao Pelot\u00e3o da Pol\u00edcia Militar de Cruz Machado por volta das 16:30 horas dessa quarta-feira, 20 de dezembro, relatando um caso de amea\u00e7a.<\/p>\n\n\n\n<figure class=\"wp-block-image size-full\"><img loading=\"lazy\" decoding=\"async\" width=\"897\" height=\"204\" src=\"https:\/\/radiostudiow.com.br\/site\/wp-content\/uploads\/2023\/10\/SITE-GRANDE.png\" alt=\"\" class=\"wp-image-16338\" srcset=\"https:\/\/radiostudiow.com.br\/site\/wp-content\/uploads\/2023\/10\/SITE-GRANDE.png 897w, https:\/\/radiostudiow.com.br\/site\/wp-content\/uploads\/2023\/10\/SITE-GRANDE-300x68.png 300w, https:\/\/radiostudiow.com.br\/site\/wp-content\/uploads\/2023\/10\/SITE-GRANDE-768x175.png 768w\" sizes=\"auto, (max-width: 897px) 100vw, 897px\" \/><\/figure>\n\n\n\n<p>De acordo com o solicitante, ele foi alvo de amea\u00e7a proferidas por um homem em um bar da localidade Linha Igua\u00e7u Norte, o agressor teria dito as seguintes palavras &#8220;QUERO O TEU COURO\u201d.<\/p>\n\n\n\n<p>Segundo a v\u00edtima, as ofensas tiveram in\u00edcio devido a uma situa\u00e7\u00e3o envolvendo a invas\u00e3o de seu terreno, sendo o agressor seu vizinho.<\/p>\n\n\n\n<p>Diante da situa\u00e7\u00e3o a v\u00edtima foi orientada sobre a possibilidade de formalizar uma representa\u00e7\u00e3o para ado\u00e7\u00e3o das medidas cab\u00edveis.<\/p>\n\n\n\n<figure class=\"wp-block-image size-full\"><img decoding=\"async\" src=\"https:\/\/radiostudiow.com.br\/site\/wp-content\/uploads\/2023\/10\/SITE-GRANDE5.png\" alt=\"\" class=\"wp-image-16372\"\/><\/figure>\n","protected":false},"excerpt":{"rendered":"<p>Um homem compareceu ao Pelot\u00e3o da Pol\u00edcia Militar de Cruz Machado por volta das 16:30 horas dessa quarta-feira, 20 de dezembro, relatando um caso de amea\u00e7a. De acordo com o solicitante, ele foi alvo de amea\u00e7a proferidas por um homem em um bar da localidade Linha Igua\u00e7u Norte, o agressor teria dito as seguintes palavras [&hellip;]<\/p>\n","protected":false},"author":2,"featured_media":13898,"comment_status":"open","ping_status":"open","sticky":false,"template":"","format":"standard","meta":{"footnotes":""},"categories":[2],"tags":[172],"class_list":["post-18075","post","type-post","status-publish","format-standard","has-post-thumbnail","hentry","category-policial","tag-featured"],"amp_enabled":true,"_links":{"self":[{"href":"https:\/\/radiostudiow.com.br\/site\/wp-json\/wp\/v2\/posts\/18075","targetHints":{"allow":["GET"]}}],"collection":[{"href":"https:\/\/radiostudiow.com.br\/site\/wp-json\/wp\/v2\/posts"}],"about":[{"href":"https:\/\/radiostudiow.com.br\/site\/wp-json\/wp\/v2\/types\/post"}],"author":[{"embeddable":true,"href":"https:\/\/radiostudiow.com.br\/site\/wp-json\/wp\/v2\/users\/2"}],"replies":[{"embeddable":true,"href":"https:\/\/radiostudiow.com.br\/site\/wp-json\/wp\/v2\/comments?post=18075"}],"version-history":[{"count":2,"href":"https:\/\/radiostudiow.com.br\/site\/wp-json\/wp\/v2\/posts\/18075\/revisions"}],"predecessor-version":[{"id":18077,"href":"https:\/\/radiostudiow.com.br\/site\/wp-json\/wp\/v2\/posts\/18075\/revisions\/18077"}],"wp:featuredmedia":[{"embeddable":true,"href":"https:\/\/radiostudiow.com.br\/site\/wp-json\/wp\/v2\/media\/13898"}],"wp:attachment":[{"href":"https:\/\/radiostudiow.com.br\/site\/wp-json\/wp\/v2\/media?parent=18075"}],"wp:term":[{"taxonomy":"category","embeddable":true,"href":"https:\/\/radiostudiow.com.br\/site\/wp-json\/wp\/v2\/categories?post=18075"},{"taxonomy":"post_tag","embeddable":true,"href":"https:\/\/radiostudiow.com.br\/site\/wp-json\/wp\/v2\/tags?post=18075"}],"curies":[{"name":"wp","href":"https:\/\/api.w.org\/{rel}","templated":true}]}}