{"id":18078,"date":"2023-12-21T10:09:45","date_gmt":"2023-12-21T13:09:45","guid":{"rendered":"https:\/\/radiostudiow.com.br\/site\/?p=18078"},"modified":"2025-01-31T15:02:25","modified_gmt":"2025-01-31T18:02:25","slug":"pm-de-sao-mateus-do-sul-recebe-tres-camionetes-0-km-para-reforcar-policiamento","status":"publish","type":"post","link":"https:\/\/radiostudiow.com.br\/site\/2023\/12\/21\/pm-de-sao-mateus-do-sul-recebe-tres-camionetes-0-km-para-reforcar-policiamento\/","title":{"rendered":"PM DE S\u00c3O MATEUS DO SUL RECEBE TR\u00caS CAMIONETES 0 KM PARA REFOR\u00c7AR POLICIAMENTO"},"content":{"rendered":"\n<p>Nesta semana, a\u00a0Pol\u00edcia Militar (PM) de S\u00e3o Mateus do Sul recebeu tr\u00eas camionetes L200 Triton zero quil\u00f4metros para refor\u00e7ar o policiamento\u00a0em S\u00e3o Mateus do Sul, Ant\u00f4nio Olinto e S\u00e3o Jo\u00e3o do Triunfo, cidades que fazem parte da 3\u00aa Companhia do 27\u00ba Batalh\u00e3o da PM.<\/p>\n\n\n\n<figure class=\"wp-block-image size-full\"><img decoding=\"async\" src=\"https:\/\/radiostudiow.com.br\/site\/wp-content\/uploads\/2023\/10\/SITE-GRANDE2.png\" alt=\"\" class=\"wp-image-16368\"\/><\/figure>\n\n\n\n<p><strong><em>\u201cA chegada dessas tr\u00eas viaturas com capacidade 4\u00d74 \u00e9 uma grande conquista\u2026 Elas ser\u00e3o aplicadas tanto na \u00e1rea urbana como tamb\u00e9m no policiamento rural, que \u00e9 bastante extenso nos tr\u00eas munic\u00edpios\u201d, afirmou Vinicius Mordhost, tenente da PM.<\/em><\/strong><\/p>\n\n\n\n<p>Na entrega participaram a equipe do Conseg e tamb\u00e9m a Prefeita Municipal Fernanda Sardanha, que afirmou que a destina\u00e7\u00e3o dessas viaturas foi atrav\u00e9s de uma parceira com o deputado estadual Hussein Bakri.<\/p>\n\n\n\n<p><em><strong>\u201cSabemos da luta dos policiais e sempre estamos em conversa com o Conseg e PM em busca de melhorias por meio do Governo do Estado. Desde o in\u00edcio do ano mandamos algumas solicita\u00e7\u00f5es, juntamente com os demais prefeitos, e foi viabilizado atrav\u00e9s do deputado Hussein esses equipamentos novos\u201d, explicou Fernanda.<\/strong><\/em><\/p>\n\n\n\n<p><strong><em>Michely Franco, presidente do Conseg, parabeniza a conquista para a seguran\u00e7a p\u00fablica. \u201cEstamos fechando o ano com chave de ouro\u201d, garante.<\/em><\/strong><\/p>\n\n\n\n<figure class=\"wp-block-image size-full\"><img decoding=\"async\" src=\"https:\/\/radiostudiow.com.br\/site\/wp-content\/uploads\/2023\/10\/SITE-GRANDE5.png\" alt=\"\" class=\"wp-image-16372\"\/><\/figure>\n\n\n\n<p><em>FONTE\/FOTOS: Cl\u00e1udia Burdzinski\/PORTAL RDX<\/em><\/p>\n","protected":false},"excerpt":{"rendered":"<p>Nesta semana, a\u00a0Pol\u00edcia Militar (PM) de S\u00e3o Mateus do Sul recebeu tr\u00eas camionetes L200 Triton zero quil\u00f4metros para refor\u00e7ar o policiamento\u00a0em S\u00e3o Mateus do Sul, Ant\u00f4nio Olinto e S\u00e3o Jo\u00e3o do Triunfo, cidades que fazem parte da 3\u00aa Companhia do 27\u00ba Batalh\u00e3o da PM. \u201cA chegada dessas tr\u00eas viaturas com capacidade 4\u00d74 \u00e9 uma grande [&hellip;]<\/p>\n","protected":false},"author":2,"featured_media":18079,"comment_status":"open","ping_status":"open","sticky":false,"template":"","format":"standard","meta":{"footnotes":""},"categories":[2],"tags":[172],"class_list":["post-18078","post","type-post","status-publish","format-standard","has-post-thumbnail","hentry","category-policial","tag-featured"],"amp_enabled":true,"_links":{"self":[{"href":"https:\/\/radiostudiow.com.br\/site\/wp-json\/wp\/v2\/posts\/18078","targetHints":{"allow":["GET"]}}],"collection":[{"href":"https:\/\/radiostudiow.com.br\/site\/wp-json\/wp\/v2\/posts"}],"about":[{"href":"https:\/\/radiostudiow.com.br\/site\/wp-json\/wp\/v2\/types\/post"}],"author":[{"embeddable":true,"href":"https:\/\/radiostudiow.com.br\/site\/wp-json\/wp\/v2\/users\/2"}],"replies":[{"embeddable":true,"href":"https:\/\/radiostudiow.com.br\/site\/wp-json\/wp\/v2\/comments?post=18078"}],"version-history":[{"count":1,"href":"https:\/\/radiostudiow.com.br\/site\/wp-json\/wp\/v2\/posts\/18078\/revisions"}],"predecessor-version":[{"id":18080,"href":"https:\/\/radiostudiow.com.br\/site\/wp-json\/wp\/v2\/posts\/18078\/revisions\/18080"}],"wp:featuredmedia":[{"embeddable":true,"href":"https:\/\/radiostudiow.com.br\/site\/wp-json\/wp\/v2\/media\/18079"}],"wp:attachment":[{"href":"https:\/\/radiostudiow.com.br\/site\/wp-json\/wp\/v2\/media?parent=18078"}],"wp:term":[{"taxonomy":"category","embeddable":true,"href":"https:\/\/radiostudiow.com.br\/site\/wp-json\/wp\/v2\/categories?post=18078"},{"taxonomy":"post_tag","embeddable":true,"href":"https:\/\/radiostudiow.com.br\/site\/wp-json\/wp\/v2\/tags?post=18078"}],"curies":[{"name":"wp","href":"https:\/\/api.w.org\/{rel}","templated":true}]}}