{"id":18099,"date":"2023-12-21T18:35:49","date_gmt":"2023-12-21T21:35:49","guid":{"rendered":"https:\/\/radiostudiow.com.br\/site\/?p=18099"},"modified":"2025-01-31T15:02:25","modified_gmt":"2025-01-31T18:02:25","slug":"pai-e-filho-morrem-em-acidente-com-caminhao-em-prudentopolis","status":"publish","type":"post","link":"https:\/\/radiostudiow.com.br\/site\/2023\/12\/21\/pai-e-filho-morrem-em-acidente-com-caminhao-em-prudentopolis\/","title":{"rendered":"PAI E FILHO MORREM EM ACIDENTE COM CAMINH\u00c3O EM PRUDENT\u00d3POLIS"},"content":{"rendered":"\n<p><em>Familiares e amigos de Gede\u00e3o da Silva Francisco, de 46 anos, est\u00e3o consternados com a morte do caminhoneiro e do filho dele Joaquim Gael, de apenas 7 anos, em um acidente na BR-277. O caminh\u00e3o em que eles estavam tombou no km 295 na cidade de Prudent\u00f3polis,\u00a0na regi\u00e3o Central do Paran\u00e1, nesta quarta-feira (20).<\/em><\/p>\n\n\n\n<figure class=\"wp-block-image size-full is-resized\"><img decoding=\"async\" src=\"https:\/\/radiostudiow.com.br\/site\/wp-content\/uploads\/2023\/10\/SITE-GRANDE-1.png\" alt=\"\" class=\"wp-image-16374\" style=\"width:740px;height:auto\"\/><\/figure>\n\n\n\n<p>De acordo com a Pol\u00edcia Rodovi\u00e1ria Federal (PRF), o caminh\u00e3o-tanque estava carregado com \u00f3leo vegetal, mas estava vazio no momento do acidente. A PRF suspeita que houve uma sa\u00edda de pista do ve\u00edculo, mas as causas do acidente ser\u00e3o confirmadas ap\u00f3s per\u00edcia da Pol\u00edcia Cient\u00edfica.<\/p>\n\n\n\n<p>Gede, como era conhecido, morreu no local. Joaquim teria sido ejetado do ve\u00edculo e chegou a ser levado ao hospital, mas n\u00e3o resistiu aos ferimentos.<\/p>\n\n\n\n<p>Segundo a PRF, logo atr\u00e1s do caminh\u00e3o vinha outro filho do motorista, que tamb\u00e9m \u00e9 caminhoneiro. Ele chegou minutos ap\u00f3s o acidente e disse que a fam\u00edlia viajava para Clevel\u00e2ndia, no sudoeste do Paran\u00e1.<\/p>\n\n\n\n<figure class=\"wp-block-image size-full\"><img decoding=\"async\" src=\"https:\/\/radiostudiow.com.br\/site\/wp-content\/uploads\/2023\/10\/SITE-GRANDE5.png\" alt=\"\" class=\"wp-image-16372\"\/><\/figure>\n\n\n\n<p>V\u00e1rias homenagens foram publicadas nas redes sociais. Segundo amigos, Gede estava feliz viajando em fam\u00edlia. Os vel\u00f3rios e sepultamentos acontecem nesta quinta-feira (21) em Clevel\u00e2ndia.<\/p>\n\n\n\n<p><em>\u201cMeu primo nos criamos juntos [\u2026] Descanse voc\u00ea e teu filho que voc\u00ea levou junto\u201d, escreveu um familiar.<\/em><\/p>\n\n\n\n<p><em>Informa\u00e7\u00f5es:&nbsp;<a href=\"https:\/\/www.bandab.com.br\/transito\/familiares-e-amigos-lamentam-mortes-de-pai-e-filho-na-br-277\/\" target=\"_blank\" rel=\"noreferrer noopener\">Banda B<\/a><\/em><\/p>\n","protected":false},"excerpt":{"rendered":"<p>Familiares e amigos de Gede\u00e3o da Silva Francisco, de 46 anos, est\u00e3o consternados com a morte do caminhoneiro e do filho dele Joaquim Gael, de apenas 7 anos, em um acidente na BR-277. O caminh\u00e3o em que eles estavam tombou no km 295 na cidade de Prudent\u00f3polis,\u00a0na regi\u00e3o Central do Paran\u00e1, nesta quarta-feira (20). De [&hellip;]<\/p>\n","protected":false},"author":2,"featured_media":18100,"comment_status":"open","ping_status":"open","sticky":false,"template":"","format":"standard","meta":{"footnotes":""},"categories":[185],"tags":[172],"class_list":["post-18099","post","type-post","status-publish","format-standard","has-post-thumbnail","hentry","category-regional","tag-featured"],"amp_enabled":true,"_links":{"self":[{"href":"https:\/\/radiostudiow.com.br\/site\/wp-json\/wp\/v2\/posts\/18099","targetHints":{"allow":["GET"]}}],"collection":[{"href":"https:\/\/radiostudiow.com.br\/site\/wp-json\/wp\/v2\/posts"}],"about":[{"href":"https:\/\/radiostudiow.com.br\/site\/wp-json\/wp\/v2\/types\/post"}],"author":[{"embeddable":true,"href":"https:\/\/radiostudiow.com.br\/site\/wp-json\/wp\/v2\/users\/2"}],"replies":[{"embeddable":true,"href":"https:\/\/radiostudiow.com.br\/site\/wp-json\/wp\/v2\/comments?post=18099"}],"version-history":[{"count":1,"href":"https:\/\/radiostudiow.com.br\/site\/wp-json\/wp\/v2\/posts\/18099\/revisions"}],"predecessor-version":[{"id":18101,"href":"https:\/\/radiostudiow.com.br\/site\/wp-json\/wp\/v2\/posts\/18099\/revisions\/18101"}],"wp:featuredmedia":[{"embeddable":true,"href":"https:\/\/radiostudiow.com.br\/site\/wp-json\/wp\/v2\/media\/18100"}],"wp:attachment":[{"href":"https:\/\/radiostudiow.com.br\/site\/wp-json\/wp\/v2\/media?parent=18099"}],"wp:term":[{"taxonomy":"category","embeddable":true,"href":"https:\/\/radiostudiow.com.br\/site\/wp-json\/wp\/v2\/categories?post=18099"},{"taxonomy":"post_tag","embeddable":true,"href":"https:\/\/radiostudiow.com.br\/site\/wp-json\/wp\/v2\/tags?post=18099"}],"curies":[{"name":"wp","href":"https:\/\/api.w.org\/{rel}","templated":true}]}}