{"id":18102,"date":"2023-12-21T18:52:08","date_gmt":"2023-12-21T21:52:08","guid":{"rendered":"https:\/\/radiostudiow.com.br\/site\/?p=18102"},"modified":"2025-01-31T15:02:25","modified_gmt":"2025-01-31T18:02:25","slug":"homem-descumpre-ordem-judicial-em-reboucas","status":"publish","type":"post","link":"https:\/\/radiostudiow.com.br\/site\/2023\/12\/21\/homem-descumpre-ordem-judicial-em-reboucas\/","title":{"rendered":"MULHER DESCUMPRE ORDEM JUDICIAL EM REBOU\u00c7AS"},"content":{"rendered":"\n<p>A equipe da Pol\u00edcia Militar de Rebou\u00e7as foi acionada para atendimento de descumprimento de medida protetiva na Vila Fac\u00e3o \u00e0s 09:30 horas dessa quarta-feira (20).<\/p>\n\n\n\n<figure class=\"wp-block-image size-large\"><img decoding=\"async\" src=\"https:\/\/radiostudiow.com.br\/site\/wp-content\/uploads\/2023\/12\/image-3-1024x390.png\" alt=\"\" class=\"wp-image-17541\"\/><\/figure>\n\n\n\n<p>No local a v\u00edtima relata aos policiais que sua cunhada, a qual a v\u00edtima possui medida protetiva contra ela, estava ao redor da sua resid\u00eancia proferindo amea\u00e7as.<\/p>\n\n\n\n<p>Na chegada da guarni\u00e7\u00e3o, a autora j\u00e1 havia se evadido do local. Foi realizado patrulhamento nas adjac\u00eancias da casa e dada as devidas orienta\u00e7\u00f5es.<\/p>\n","protected":false},"excerpt":{"rendered":"<p>A equipe da Pol\u00edcia Militar de Rebou\u00e7as foi acionada para atendimento de descumprimento de medida protetiva na Vila Fac\u00e3o \u00e0s 09:30 horas dessa quarta-feira (20). No local a v\u00edtima relata aos policiais que sua cunhada, a qual a v\u00edtima possui medida protetiva contra ela, estava ao redor da sua resid\u00eancia proferindo amea\u00e7as. Na chegada da [&hellip;]<\/p>\n","protected":false},"author":2,"featured_media":18103,"comment_status":"open","ping_status":"open","sticky":false,"template":"","format":"standard","meta":{"footnotes":""},"categories":[2],"tags":[172],"class_list":["post-18102","post","type-post","status-publish","format-standard","has-post-thumbnail","hentry","category-policial","tag-featured"],"amp_enabled":true,"_links":{"self":[{"href":"https:\/\/radiostudiow.com.br\/site\/wp-json\/wp\/v2\/posts\/18102","targetHints":{"allow":["GET"]}}],"collection":[{"href":"https:\/\/radiostudiow.com.br\/site\/wp-json\/wp\/v2\/posts"}],"about":[{"href":"https:\/\/radiostudiow.com.br\/site\/wp-json\/wp\/v2\/types\/post"}],"author":[{"embeddable":true,"href":"https:\/\/radiostudiow.com.br\/site\/wp-json\/wp\/v2\/users\/2"}],"replies":[{"embeddable":true,"href":"https:\/\/radiostudiow.com.br\/site\/wp-json\/wp\/v2\/comments?post=18102"}],"version-history":[{"count":2,"href":"https:\/\/radiostudiow.com.br\/site\/wp-json\/wp\/v2\/posts\/18102\/revisions"}],"predecessor-version":[{"id":18105,"href":"https:\/\/radiostudiow.com.br\/site\/wp-json\/wp\/v2\/posts\/18102\/revisions\/18105"}],"wp:featuredmedia":[{"embeddable":true,"href":"https:\/\/radiostudiow.com.br\/site\/wp-json\/wp\/v2\/media\/18103"}],"wp:attachment":[{"href":"https:\/\/radiostudiow.com.br\/site\/wp-json\/wp\/v2\/media?parent=18102"}],"wp:term":[{"taxonomy":"category","embeddable":true,"href":"https:\/\/radiostudiow.com.br\/site\/wp-json\/wp\/v2\/categories?post=18102"},{"taxonomy":"post_tag","embeddable":true,"href":"https:\/\/radiostudiow.com.br\/site\/wp-json\/wp\/v2\/tags?post=18102"}],"curies":[{"name":"wp","href":"https:\/\/api.w.org\/{rel}","templated":true}]}}