{"id":18116,"date":"2023-12-22T10:40:42","date_gmt":"2023-12-22T13:40:42","guid":{"rendered":"https:\/\/radiostudiow.com.br\/site\/?p=18116"},"modified":"2025-01-31T15:02:25","modified_gmt":"2025-01-31T18:02:25","slug":"pm-de-mallet-cumprimento-de-mandado-judicial","status":"publish","type":"post","link":"https:\/\/radiostudiow.com.br\/site\/2023\/12\/22\/pm-de-mallet-cumprimento-de-mandado-judicial\/","title":{"rendered":"PM DE MALLET PRENDE HOMEM EM CUMPRIMENTO A MANDADO DE PRIS\u00c3O"},"content":{"rendered":"\n<p>A equipe da Pol\u00edcia Militar de Mallet realizava patrulhamento pela \u00e1rea central da cidade por volta das 10:00 horas dessa quinta-feira, 21 de Dezembro, quando avistou um suspeito em frente ao port\u00e3o de uma resid\u00eancia.<\/p>\n\n\n\n<figure class=\"wp-block-image size-full\"><img decoding=\"async\" src=\"https:\/\/radiostudiow.com.br\/site\/wp-content\/uploads\/2023\/10\/SITE-GRANDE-1.png\" alt=\"\" class=\"wp-image-16374\"\/><\/figure>\n\n\n\n<p>O homem que era de conhecimento da equipe policial, possu\u00eda em seu desfavor um mandado de pris\u00e3o. Foi realizada a abordagem e confirmado sua identidade, bem como consultado o sistema e o mandado estava vigente com validade at\u00e9 16 de novembro de 2024.<\/p>\n\n\n\n<p>Diante da situa\u00e7\u00e3o o autor foi encaminhado ao DEPEN de Uni\u00e3o da Vit\u00f3ria.<\/p>\n\n\n\n<figure class=\"wp-block-image size-full\"><img decoding=\"async\" src=\"https:\/\/radiostudiow.com.br\/site\/wp-content\/uploads\/2023\/10\/SITE-GRANDE5.png\" alt=\"\" class=\"wp-image-16372\"\/><\/figure>\n","protected":false},"excerpt":{"rendered":"<p>A equipe da Pol\u00edcia Militar de Mallet realizava patrulhamento pela \u00e1rea central da cidade por volta das 10:00 horas dessa quinta-feira, 21 de Dezembro, quando avistou um suspeito em frente ao port\u00e3o de uma resid\u00eancia. O homem que era de conhecimento da equipe policial, possu\u00eda em seu desfavor um mandado de pris\u00e3o. Foi realizada a [&hellip;]<\/p>\n","protected":false},"author":2,"featured_media":17323,"comment_status":"open","ping_status":"open","sticky":false,"template":"","format":"standard","meta":{"footnotes":""},"categories":[2],"tags":[172],"class_list":["post-18116","post","type-post","status-publish","format-standard","has-post-thumbnail","hentry","category-policial","tag-featured"],"amp_enabled":true,"_links":{"self":[{"href":"https:\/\/radiostudiow.com.br\/site\/wp-json\/wp\/v2\/posts\/18116","targetHints":{"allow":["GET"]}}],"collection":[{"href":"https:\/\/radiostudiow.com.br\/site\/wp-json\/wp\/v2\/posts"}],"about":[{"href":"https:\/\/radiostudiow.com.br\/site\/wp-json\/wp\/v2\/types\/post"}],"author":[{"embeddable":true,"href":"https:\/\/radiostudiow.com.br\/site\/wp-json\/wp\/v2\/users\/2"}],"replies":[{"embeddable":true,"href":"https:\/\/radiostudiow.com.br\/site\/wp-json\/wp\/v2\/comments?post=18116"}],"version-history":[{"count":6,"href":"https:\/\/radiostudiow.com.br\/site\/wp-json\/wp\/v2\/posts\/18116\/revisions"}],"predecessor-version":[{"id":18128,"href":"https:\/\/radiostudiow.com.br\/site\/wp-json\/wp\/v2\/posts\/18116\/revisions\/18128"}],"wp:featuredmedia":[{"embeddable":true,"href":"https:\/\/radiostudiow.com.br\/site\/wp-json\/wp\/v2\/media\/17323"}],"wp:attachment":[{"href":"https:\/\/radiostudiow.com.br\/site\/wp-json\/wp\/v2\/media?parent=18116"}],"wp:term":[{"taxonomy":"category","embeddable":true,"href":"https:\/\/radiostudiow.com.br\/site\/wp-json\/wp\/v2\/categories?post=18116"},{"taxonomy":"post_tag","embeddable":true,"href":"https:\/\/radiostudiow.com.br\/site\/wp-json\/wp\/v2\/tags?post=18116"}],"curies":[{"name":"wp","href":"https:\/\/api.w.org\/{rel}","templated":true}]}}