{"id":18126,"date":"2023-12-22T17:07:44","date_gmt":"2023-12-22T20:07:44","guid":{"rendered":"https:\/\/radiostudiow.com.br\/site\/?p=18126"},"modified":"2025-01-31T15:02:25","modified_gmt":"2025-01-31T18:02:25","slug":"pm-de-paulo-frontin-cumpre-mandado-de-prisao","status":"publish","type":"post","link":"https:\/\/radiostudiow.com.br\/site\/2023\/12\/22\/pm-de-paulo-frontin-cumpre-mandado-de-prisao\/","title":{"rendered":"PM DE PAULO FRONTIN CUMPRE MANDADO DE PRIS\u00c3O"},"content":{"rendered":"\n<p>A equipe da Pol\u00edcia Militar de Paulo Frontin cumpriu um mandado de pris\u00e3o por volta das 11:00 horas dessa quinta-feira, 21 de Dezembro, na localidade de S\u00e3o Roque.<\/p>\n\n\n\n<figure class=\"wp-block-image size-full\"><img loading=\"lazy\" decoding=\"async\" width=\"897\" height=\"204\" src=\"https:\/\/radiostudiow.com.br\/site\/wp-content\/uploads\/2023\/10\/SITE-GRANDE3.png\" alt=\"\" class=\"wp-image-16341\" srcset=\"https:\/\/radiostudiow.com.br\/site\/wp-content\/uploads\/2023\/10\/SITE-GRANDE3.png 897w, https:\/\/radiostudiow.com.br\/site\/wp-content\/uploads\/2023\/10\/SITE-GRANDE3-300x68.png 300w, https:\/\/radiostudiow.com.br\/site\/wp-content\/uploads\/2023\/10\/SITE-GRANDE3-768x175.png 768w\" sizes=\"auto, (max-width: 897px) 100vw, 897px\" \/><\/figure>\n\n\n\n<p>Os policiais estavam realizando patrulhamento quando visualizou um homem em atitude suspeita, sendo realizado a abordagem.<\/p>\n\n\n\n<p>Em busca pessoal nada de il\u00edcito foi encontrado, ap\u00f3s consulta no sistema de investiga\u00e7\u00e3o, apresentou um mandado de pris\u00e3o em aberto em seu desfavor pelo Tribunal de Justi\u00e7a do Estado de S\u00e3o Paulo.<\/p>\n\n\n\n<p>Diante da situa\u00e7\u00e3o o indiv\u00edduo foi conduzido e entregue no DEPEN de Uni\u00e3o da Vit\u00f3ria.<\/p>\n\n\n\n<figure class=\"wp-block-image size-full\"><img decoding=\"async\" src=\"https:\/\/radiostudiow.com.br\/site\/wp-content\/uploads\/2023\/10\/SITE-GRANDE5.png\" alt=\"\" class=\"wp-image-16372\"\/><\/figure>\n","protected":false},"excerpt":{"rendered":"<p>A equipe da Pol\u00edcia Militar de Paulo Frontin cumpriu um mandado de pris\u00e3o por volta das 11:00 horas dessa quinta-feira, 21 de Dezembro, na localidade de S\u00e3o Roque. Os policiais estavam realizando patrulhamento quando visualizou um homem em atitude suspeita, sendo realizado a abordagem. Em busca pessoal nada de il\u00edcito foi encontrado, ap\u00f3s consulta no [&hellip;]<\/p>\n","protected":false},"author":2,"featured_media":13251,"comment_status":"open","ping_status":"open","sticky":false,"template":"","format":"standard","meta":{"footnotes":""},"categories":[2],"tags":[172],"class_list":["post-18126","post","type-post","status-publish","format-standard","has-post-thumbnail","hentry","category-policial","tag-featured"],"amp_enabled":true,"_links":{"self":[{"href":"https:\/\/radiostudiow.com.br\/site\/wp-json\/wp\/v2\/posts\/18126","targetHints":{"allow":["GET"]}}],"collection":[{"href":"https:\/\/radiostudiow.com.br\/site\/wp-json\/wp\/v2\/posts"}],"about":[{"href":"https:\/\/radiostudiow.com.br\/site\/wp-json\/wp\/v2\/types\/post"}],"author":[{"embeddable":true,"href":"https:\/\/radiostudiow.com.br\/site\/wp-json\/wp\/v2\/users\/2"}],"replies":[{"embeddable":true,"href":"https:\/\/radiostudiow.com.br\/site\/wp-json\/wp\/v2\/comments?post=18126"}],"version-history":[{"count":4,"href":"https:\/\/radiostudiow.com.br\/site\/wp-json\/wp\/v2\/posts\/18126\/revisions"}],"predecessor-version":[{"id":18138,"href":"https:\/\/radiostudiow.com.br\/site\/wp-json\/wp\/v2\/posts\/18126\/revisions\/18138"}],"wp:featuredmedia":[{"embeddable":true,"href":"https:\/\/radiostudiow.com.br\/site\/wp-json\/wp\/v2\/media\/13251"}],"wp:attachment":[{"href":"https:\/\/radiostudiow.com.br\/site\/wp-json\/wp\/v2\/media?parent=18126"}],"wp:term":[{"taxonomy":"category","embeddable":true,"href":"https:\/\/radiostudiow.com.br\/site\/wp-json\/wp\/v2\/categories?post=18126"},{"taxonomy":"post_tag","embeddable":true,"href":"https:\/\/radiostudiow.com.br\/site\/wp-json\/wp\/v2\/tags?post=18126"}],"curies":[{"name":"wp","href":"https:\/\/api.w.org\/{rel}","templated":true}]}}