{"id":1813,"date":"2021-05-13T16:43:26","date_gmt":"2021-05-13T19:43:26","guid":{"rendered":"https:\/\/radiostudiow.com.br\/site\/?p=1813"},"modified":"2025-01-15T09:51:47","modified_gmt":"2025-01-15T12:51:47","slug":"lei-que-determina-afastamento-de-gestante-na-pandemia-e-sancionada","status":"publish","type":"post","link":"https:\/\/radiostudiow.com.br\/site\/2021\/05\/13\/lei-que-determina-afastamento-de-gestante-na-pandemia-e-sancionada\/","title":{"rendered":"LEI QUE DETERMINA AFASTAMENTO DE GESTANTE NA PANDEMIA \u00c9 SANCIONADA"},"content":{"rendered":"\n<p>O presidente Jair Bolsonaro sancionou nesta quarta-feira, 12 de maio, a lei que garante \u00e0 empregada gestante o afastamento do trabalho presencial durante o per\u00edodo da pandemia de covid-19, sem preju\u00edzo do recebimento do sal\u00e1rio.\u00a0<\/p>\n\n\n\n<figure class=\"wp-block-image size-large\"><img decoding=\"async\" src=\"https:\/\/radiostudiow.com.br\/site\/wp-content\/uploads\/2021\/03\/propagandas2-1.gif\" alt=\"\" class=\"wp-image-1063\"\/><\/figure>\n\n\n\n<p>O projeto de lei sobre o assunto, de autoria da deputada federal Perp\u00e9tua Almeida (PCdoB-AC),\u00a0<a rel=\"noreferrer noopener\" href=\"https:\/\/agenciabrasil.ebc.com.br\/politica\/noticia\/2021-04\/senado-aprova-protecao-trabalhadoras-gestantes-durante-pandemia\" target=\"_blank\"><strong>foi aprovado<\/strong><\/a>\u00a0pelo Congresso Nacional no dia 15 de abril. <\/p>\n\n\n\n<p>Conforme o texto, a funcion\u00e1ria gestante dever\u00e1 permanecer \u00e0 disposi\u00e7\u00e3o do empregador em trabalho remoto at\u00e9 o fim do estado de emerg\u00eancia em sa\u00fade p\u00fablica.<\/p>\n\n\n\n<figure class=\"wp-block-image size-large\"><img decoding=\"async\" src=\"https:\/\/radiostudiow.com.br\/site\/wp-content\/uploads\/2021\/03\/animacao-600a-1024x172.gif\" alt=\"\" class=\"wp-image-787\"\/><\/figure>\n","protected":false},"excerpt":{"rendered":"<p>O presidente Jair Bolsonaro sancionou nesta quarta-feira, 12 de maio, a lei que garante \u00e0 empregada gestante o afastamento do trabalho presencial durante o per\u00edodo da pandemia de covid-19, sem preju\u00edzo do recebimento do sal\u00e1rio.\u00a0 O projeto de lei sobre o assunto, de autoria da deputada federal Perp\u00e9tua Almeida (PCdoB-AC),\u00a0foi aprovado\u00a0pelo Congresso Nacional no dia [&hellip;]<\/p>\n","protected":false},"author":2,"featured_media":0,"comment_status":"open","ping_status":"open","sticky":false,"template":"","format":"standard","meta":{"footnotes":""},"categories":[7],"tags":[172],"class_list":["post-1813","post","type-post","status-publish","format-standard","hentry","category-geral","tag-featured"],"amp_enabled":true,"_links":{"self":[{"href":"https:\/\/radiostudiow.com.br\/site\/wp-json\/wp\/v2\/posts\/1813","targetHints":{"allow":["GET"]}}],"collection":[{"href":"https:\/\/radiostudiow.com.br\/site\/wp-json\/wp\/v2\/posts"}],"about":[{"href":"https:\/\/radiostudiow.com.br\/site\/wp-json\/wp\/v2\/types\/post"}],"author":[{"embeddable":true,"href":"https:\/\/radiostudiow.com.br\/site\/wp-json\/wp\/v2\/users\/2"}],"replies":[{"embeddable":true,"href":"https:\/\/radiostudiow.com.br\/site\/wp-json\/wp\/v2\/comments?post=1813"}],"version-history":[{"count":1,"href":"https:\/\/radiostudiow.com.br\/site\/wp-json\/wp\/v2\/posts\/1813\/revisions"}],"predecessor-version":[{"id":1815,"href":"https:\/\/radiostudiow.com.br\/site\/wp-json\/wp\/v2\/posts\/1813\/revisions\/1815"}],"wp:attachment":[{"href":"https:\/\/radiostudiow.com.br\/site\/wp-json\/wp\/v2\/media?parent=1813"}],"wp:term":[{"taxonomy":"category","embeddable":true,"href":"https:\/\/radiostudiow.com.br\/site\/wp-json\/wp\/v2\/categories?post=1813"},{"taxonomy":"post_tag","embeddable":true,"href":"https:\/\/radiostudiow.com.br\/site\/wp-json\/wp\/v2\/tags?post=1813"}],"curies":[{"name":"wp","href":"https:\/\/api.w.org\/{rel}","templated":true}]}}