{"id":18142,"date":"2023-12-22T17:49:35","date_gmt":"2023-12-22T20:49:35","guid":{"rendered":"https:\/\/radiostudiow.com.br\/site\/?p=18142"},"modified":"2025-01-31T15:02:25","modified_gmt":"2025-01-31T18:02:25","slug":"homem-procura-pm-de-general-carneiro-apos-gado-ser-furtado-de-sua-propriedade","status":"publish","type":"post","link":"https:\/\/radiostudiow.com.br\/site\/2023\/12\/22\/homem-procura-pm-de-general-carneiro-apos-gado-ser-furtado-de-sua-propriedade\/","title":{"rendered":"HOMEM PROCURA PM DE GENERAL CARNEIRO AP\u00d3S GADO SER FURTADO DE SUA PROPRIEDADE"},"content":{"rendered":"\n<p>A equipe da Pol\u00edcia Militar de General Carneiro foi acionada para averiguar uma ocorr\u00eancia de furto qualificado em uma propriedade localizada na comunidade da Indubra.<\/p>\n\n\n\n<p>A situa\u00e7\u00e3o teria ocorrido entre os dias 07 e 14 de dezembro, sendo registrada nessa quinta-feira (21).<\/p>\n\n\n\n<figure class=\"wp-block-image size-large\"><img decoding=\"async\" src=\"https:\/\/radiostudiow.com.br\/site\/wp-content\/uploads\/2023\/12\/image-3-1024x390.png\" alt=\"\" class=\"wp-image-17541\"\/><\/figure>\n\n\n\n<p>De acordo com informa\u00e7\u00f5es, o morador percebeu que durante esses dias, desapareceu de sua propriedade uma vaca Jersey (leiteira), juntamente com um touro (salino) e dias depois desapareceu um boi holand\u00eas de 02 anos.<\/p>\n\n\n\n<p>O morador relatou que com o desapareceu dos tr\u00eas animais, realizou buscas em toda a extens\u00e3o do terreno, no entanto, n\u00e3o encontrou vest\u00edgios dos mesmos. Ele tamb\u00e9m disse n\u00e3o ter informa\u00e7\u00f5es de quem possa ter cometido o furtado, recebendo as orienta\u00e7\u00f5es necess\u00e1rias.<\/p>\n\n\n\n<figure class=\"wp-block-image size-full\"><img decoding=\"async\" src=\"https:\/\/radiostudiow.com.br\/site\/wp-content\/uploads\/2023\/10\/SITE-GRANDE5.png\" alt=\"\" class=\"wp-image-16372\"\/><\/figure>\n","protected":false},"excerpt":{"rendered":"<p>A equipe da Pol\u00edcia Militar de General Carneiro foi acionada para averiguar uma ocorr\u00eancia de furto qualificado em uma propriedade localizada na comunidade da Indubra. A situa\u00e7\u00e3o teria ocorrido entre os dias 07 e 14 de dezembro, sendo registrada nessa quinta-feira (21). De acordo com informa\u00e7\u00f5es, o morador percebeu que durante esses dias, desapareceu de [&hellip;]<\/p>\n","protected":false},"author":2,"featured_media":13941,"comment_status":"open","ping_status":"open","sticky":false,"template":"","format":"standard","meta":{"footnotes":""},"categories":[2],"tags":[172],"class_list":["post-18142","post","type-post","status-publish","format-standard","has-post-thumbnail","hentry","category-policial","tag-featured"],"amp_enabled":true,"_links":{"self":[{"href":"https:\/\/radiostudiow.com.br\/site\/wp-json\/wp\/v2\/posts\/18142","targetHints":{"allow":["GET"]}}],"collection":[{"href":"https:\/\/radiostudiow.com.br\/site\/wp-json\/wp\/v2\/posts"}],"about":[{"href":"https:\/\/radiostudiow.com.br\/site\/wp-json\/wp\/v2\/types\/post"}],"author":[{"embeddable":true,"href":"https:\/\/radiostudiow.com.br\/site\/wp-json\/wp\/v2\/users\/2"}],"replies":[{"embeddable":true,"href":"https:\/\/radiostudiow.com.br\/site\/wp-json\/wp\/v2\/comments?post=18142"}],"version-history":[{"count":1,"href":"https:\/\/radiostudiow.com.br\/site\/wp-json\/wp\/v2\/posts\/18142\/revisions"}],"predecessor-version":[{"id":18143,"href":"https:\/\/radiostudiow.com.br\/site\/wp-json\/wp\/v2\/posts\/18142\/revisions\/18143"}],"wp:featuredmedia":[{"embeddable":true,"href":"https:\/\/radiostudiow.com.br\/site\/wp-json\/wp\/v2\/media\/13941"}],"wp:attachment":[{"href":"https:\/\/radiostudiow.com.br\/site\/wp-json\/wp\/v2\/media?parent=18142"}],"wp:term":[{"taxonomy":"category","embeddable":true,"href":"https:\/\/radiostudiow.com.br\/site\/wp-json\/wp\/v2\/categories?post=18142"},{"taxonomy":"post_tag","embeddable":true,"href":"https:\/\/radiostudiow.com.br\/site\/wp-json\/wp\/v2\/tags?post=18142"}],"curies":[{"name":"wp","href":"https:\/\/api.w.org\/{rel}","templated":true}]}}