{"id":18147,"date":"2023-12-23T11:18:36","date_gmt":"2023-12-23T14:18:36","guid":{"rendered":"https:\/\/radiostudiow.com.br\/site\/?p=18147"},"modified":"2025-01-31T15:02:25","modified_gmt":"2025-01-31T18:02:25","slug":"pm-registra-acidente-entre-carro-em-bituruna","status":"publish","type":"post","link":"https:\/\/radiostudiow.com.br\/site\/2023\/12\/23\/pm-registra-acidente-entre-carro-em-bituruna\/","title":{"rendered":"PM REGISTRA ACIDENTE ENTRE DOIS CARROS EM BITURUNA"},"content":{"rendered":"\n<p>A equipe da Pol\u00edcia Militar de Bituruna foi acionada para o bairro de Jardim Andreia onde a solicita\u00e7\u00e3o relatou um acidente de transito por volta das 18:30 horas dessa sexta-feira (22).<\/p>\n\n\n\n<figure class=\"wp-block-image size-full\"><img decoding=\"async\" src=\"https:\/\/radiostudiow.com.br\/site\/wp-content\/uploads\/2023\/10\/SITE-GRANDE2.png\" alt=\"\" class=\"wp-image-16368\"\/><\/figure>\n\n\n\n<p>Os policiais de deslocaram at\u00e9 o local onde constatou o fato se envolveram em acidente os ve\u00edculos Fiat\/Strada e o ve\u00edculo Fiat\/Palio. Em consulta ao sistema de investiga\u00e7\u00e3o foi constatado que o condutor do ve\u00edculo Palio n\u00e3o possu\u00eda habilita\u00e7\u00e3o e apresentava sinais de embriagues e o referido ve\u00edculo apresenta alerta de furto conforme B.O de 19\/06\/2024 na cidade de Ca\u00e7ador\/SC.<\/p>\n\n\n\n<p>Diante aos fatos foi encaminhado at\u00e9 pelot\u00e3o para realizar o teste Bafom\u00e9trico, por\u00e9m, se recusou a realizar, sendo encaminhado at\u00e9 o hospital e posteriormente a Delegacia para devidas provid\u00eancias.<\/p>\n\n\n\n<figure class=\"wp-block-image size-large\"><img decoding=\"async\" src=\"https:\/\/radiostudiow.com.br\/site\/wp-content\/uploads\/2023\/12\/image-81-1024x387.png\" alt=\"\" class=\"wp-image-18066\"\/><\/figure>\n","protected":false},"excerpt":{"rendered":"<p>A equipe da Pol\u00edcia Militar de Bituruna foi acionada para o bairro de Jardim Andreia onde a solicita\u00e7\u00e3o relatou um acidente de transito por volta das 18:30 horas dessa sexta-feira (22). Os policiais de deslocaram at\u00e9 o local onde constatou o fato se envolveram em acidente os ve\u00edculos Fiat\/Strada e o ve\u00edculo Fiat\/Palio. Em consulta [&hellip;]<\/p>\n","protected":false},"author":2,"featured_media":13773,"comment_status":"open","ping_status":"open","sticky":false,"template":"","format":"standard","meta":{"footnotes":""},"categories":[2],"tags":[172],"class_list":["post-18147","post","type-post","status-publish","format-standard","has-post-thumbnail","hentry","category-policial","tag-featured"],"amp_enabled":true,"_links":{"self":[{"href":"https:\/\/radiostudiow.com.br\/site\/wp-json\/wp\/v2\/posts\/18147","targetHints":{"allow":["GET"]}}],"collection":[{"href":"https:\/\/radiostudiow.com.br\/site\/wp-json\/wp\/v2\/posts"}],"about":[{"href":"https:\/\/radiostudiow.com.br\/site\/wp-json\/wp\/v2\/types\/post"}],"author":[{"embeddable":true,"href":"https:\/\/radiostudiow.com.br\/site\/wp-json\/wp\/v2\/users\/2"}],"replies":[{"embeddable":true,"href":"https:\/\/radiostudiow.com.br\/site\/wp-json\/wp\/v2\/comments?post=18147"}],"version-history":[{"count":4,"href":"https:\/\/radiostudiow.com.br\/site\/wp-json\/wp\/v2\/posts\/18147\/revisions"}],"predecessor-version":[{"id":18157,"href":"https:\/\/radiostudiow.com.br\/site\/wp-json\/wp\/v2\/posts\/18147\/revisions\/18157"}],"wp:featuredmedia":[{"embeddable":true,"href":"https:\/\/radiostudiow.com.br\/site\/wp-json\/wp\/v2\/media\/13773"}],"wp:attachment":[{"href":"https:\/\/radiostudiow.com.br\/site\/wp-json\/wp\/v2\/media?parent=18147"}],"wp:term":[{"taxonomy":"category","embeddable":true,"href":"https:\/\/radiostudiow.com.br\/site\/wp-json\/wp\/v2\/categories?post=18147"},{"taxonomy":"post_tag","embeddable":true,"href":"https:\/\/radiostudiow.com.br\/site\/wp-json\/wp\/v2\/tags?post=18147"}],"curies":[{"name":"wp","href":"https:\/\/api.w.org\/{rel}","templated":true}]}}