{"id":18150,"date":"2023-12-23T10:57:18","date_gmt":"2023-12-23T13:57:18","guid":{"rendered":"https:\/\/radiostudiow.com.br\/site\/?p=18150"},"modified":"2025-01-31T15:02:25","modified_gmt":"2025-01-31T18:02:25","slug":"ciclista-e-atropelado-na-br-153-na-cidade-de-mallet","status":"publish","type":"post","link":"https:\/\/radiostudiow.com.br\/site\/2023\/12\/23\/ciclista-e-atropelado-na-br-153-na-cidade-de-mallet\/","title":{"rendered":"CICLISTA \u00c9 ATROPELADO NA BR-153 NA CIDADE DE MALLET"},"content":{"rendered":"\n<p>Na noite desta sexta-feira, 22 de dezembro, por volta das 20:00 horas, na BR-153 pr\u00f3ximo a entrada da Col\u00f4nia Ronda em Mallet, no km 388 da rodovia, um ciclista acabou sendo atropelado por um ve\u00edculo automotor que evadiu-se do local.<\/p>\n\n\n\n<figure class=\"wp-block-image size-full\"><img loading=\"lazy\" decoding=\"async\" width=\"897\" height=\"204\" src=\"https:\/\/radiostudiow.com.br\/site\/wp-content\/uploads\/2023\/10\/SITE-GRANDE.png\" alt=\"\" class=\"wp-image-16338\" srcset=\"https:\/\/radiostudiow.com.br\/site\/wp-content\/uploads\/2023\/10\/SITE-GRANDE.png 897w, https:\/\/radiostudiow.com.br\/site\/wp-content\/uploads\/2023\/10\/SITE-GRANDE-300x68.png 300w, https:\/\/radiostudiow.com.br\/site\/wp-content\/uploads\/2023\/10\/SITE-GRANDE-768x175.png 768w\" sizes=\"auto, (max-width: 897px) 100vw, 897px\" \/><\/figure>\n\n\n\n<p>Os Bombeiros Comunit\u00e1rios da cidade de Mallet foram acionados por populares e de imediato foi realizado o atendimento de socorro.<\/p>\n\n\n\n<p>No local, uma v\u00edtima masculina de 53 anos, gravemente ferido com m\u00faltiplas fraturas, foi encaminhado ao Hospital S\u00e3o Pedro pela ambul\u00e2ncia de plant\u00e3o.<\/p>\n\n\n\n<figure class=\"wp-block-image size-full\"><img loading=\"lazy\" decoding=\"async\" width=\"897\" height=\"204\" src=\"https:\/\/radiostudiow.com.br\/site\/wp-content\/uploads\/2023\/10\/SITE-GRANDE3.png\" alt=\"\" class=\"wp-image-16341\" srcset=\"https:\/\/radiostudiow.com.br\/site\/wp-content\/uploads\/2023\/10\/SITE-GRANDE3.png 897w, https:\/\/radiostudiow.com.br\/site\/wp-content\/uploads\/2023\/10\/SITE-GRANDE3-300x68.png 300w, https:\/\/radiostudiow.com.br\/site\/wp-content\/uploads\/2023\/10\/SITE-GRANDE3-768x175.png 768w\" sizes=\"auto, (max-width: 897px) 100vw, 897px\" \/><\/figure>\n","protected":false},"excerpt":{"rendered":"<p>Na noite desta sexta-feira, 22 de dezembro, por volta das 20:00 horas, na BR-153 pr\u00f3ximo a entrada da Col\u00f4nia Ronda em Mallet, no km 388 da rodovia, um ciclista acabou sendo atropelado por um ve\u00edculo automotor que evadiu-se do local. Os Bombeiros Comunit\u00e1rios da cidade de Mallet foram acionados por populares e de imediato foi [&hellip;]<\/p>\n","protected":false},"author":2,"featured_media":18151,"comment_status":"open","ping_status":"open","sticky":false,"template":"","format":"standard","meta":{"footnotes":""},"categories":[184],"tags":[172],"class_list":["post-18150","post","type-post","status-publish","format-standard","has-post-thumbnail","hentry","category-local","tag-featured"],"amp_enabled":true,"_links":{"self":[{"href":"https:\/\/radiostudiow.com.br\/site\/wp-json\/wp\/v2\/posts\/18150","targetHints":{"allow":["GET"]}}],"collection":[{"href":"https:\/\/radiostudiow.com.br\/site\/wp-json\/wp\/v2\/posts"}],"about":[{"href":"https:\/\/radiostudiow.com.br\/site\/wp-json\/wp\/v2\/types\/post"}],"author":[{"embeddable":true,"href":"https:\/\/radiostudiow.com.br\/site\/wp-json\/wp\/v2\/users\/2"}],"replies":[{"embeddable":true,"href":"https:\/\/radiostudiow.com.br\/site\/wp-json\/wp\/v2\/comments?post=18150"}],"version-history":[{"count":1,"href":"https:\/\/radiostudiow.com.br\/site\/wp-json\/wp\/v2\/posts\/18150\/revisions"}],"predecessor-version":[{"id":18152,"href":"https:\/\/radiostudiow.com.br\/site\/wp-json\/wp\/v2\/posts\/18150\/revisions\/18152"}],"wp:featuredmedia":[{"embeddable":true,"href":"https:\/\/radiostudiow.com.br\/site\/wp-json\/wp\/v2\/media\/18151"}],"wp:attachment":[{"href":"https:\/\/radiostudiow.com.br\/site\/wp-json\/wp\/v2\/media?parent=18150"}],"wp:term":[{"taxonomy":"category","embeddable":true,"href":"https:\/\/radiostudiow.com.br\/site\/wp-json\/wp\/v2\/categories?post=18150"},{"taxonomy":"post_tag","embeddable":true,"href":"https:\/\/radiostudiow.com.br\/site\/wp-json\/wp\/v2\/tags?post=18150"}],"curies":[{"name":"wp","href":"https:\/\/api.w.org\/{rel}","templated":true}]}}