{"id":18166,"date":"2023-12-26T09:43:29","date_gmt":"2023-12-26T12:43:29","guid":{"rendered":"https:\/\/radiostudiow.com.br\/site\/?p=18166"},"modified":"2025-01-31T15:02:24","modified_gmt":"2025-01-31T18:02:24","slug":"jovem-de-23-anos-morre-afogada-em-cachoeira-no-interior-de-cruz-machado","status":"publish","type":"post","link":"https:\/\/radiostudiow.com.br\/site\/2023\/12\/26\/jovem-de-23-anos-morre-afogada-em-cachoeira-no-interior-de-cruz-machado\/","title":{"rendered":"JOVEM DE 23 ANOS MORRE AFOGADA EM CACHOEIRA NO INTERIOR DE CRUZ MACHADO"},"content":{"rendered":"\n<p>Uma jovem identificada como Patr\u00edcia Jaqueline Bilenki de apenas 23 anos, perdeu a vida na Cachoeira das Brom\u00e9lias, na Col\u00f4nia Pinhal\u00e3o, interior de Cruz Machado.<\/p>\n\n\n\n<figure class=\"wp-block-image size-full\"><img decoding=\"async\" src=\"https:\/\/radiostudiow.com.br\/site\/wp-content\/uploads\/2023\/10\/SITE-GRANDE-1.png\" alt=\"\" class=\"wp-image-16374\"\/><\/figure>\n\n\n\n<p><span style=\"color: rgb(12, 26, 43); font-family: &quot;Nunito Sans&quot;, sans-serif; font-size: 17px; white-space-collapse: collapse;\">Patr\u00edcia estava em um momento de lazer na tarde dessa segunda-feira, 25 de dezembro, quando acabou desaparecendo nas \u00e1guas do rio Palmital. O Corpo de Bombeiros foi acionado e ap\u00f3s buscas, localizou seu corpo j\u00e1 sem vida.<\/span><\/p>\n\n\n\n<p>O corpo de Patr\u00edcia foi encaminhado ao IML de Uni\u00e3o da Vit\u00f3ria e o vel\u00f3rio est\u00e1 previsto para ter in\u00edcio \u00e0s 13 horas desta ter\u00e7a-feira, dia 26, na comunidade da Col\u00f4nia Pinhal\u00e3o.<\/p>\n\n\n\n<figure class=\"wp-block-image size-full\"><img decoding=\"async\" src=\"https:\/\/radiostudiow.com.br\/site\/wp-content\/uploads\/2023\/10\/SITE-GRANDE5.png\" alt=\"\" class=\"wp-image-16372\"\/><\/figure>\n","protected":false},"excerpt":{"rendered":"<p>Uma jovem identificada como Patr\u00edcia Jaqueline Bilenki de apenas 23 anos, perdeu a vida na Cachoeira das Brom\u00e9lias, na Col\u00f4nia Pinhal\u00e3o, interior de Cruz Machado. Patr\u00edcia estava em um momento de lazer na tarde dessa segunda-feira, 25 de dezembro, quando acabou desaparecendo nas \u00e1guas do rio Palmital. O Corpo de Bombeiros foi acionado e ap\u00f3s [&hellip;]<\/p>\n","protected":false},"author":2,"featured_media":0,"comment_status":"open","ping_status":"open","sticky":false,"template":"","format":"standard","meta":{"footnotes":""},"categories":[185],"tags":[172],"class_list":["post-18166","post","type-post","status-publish","format-standard","hentry","category-regional","tag-featured"],"amp_enabled":true,"_links":{"self":[{"href":"https:\/\/radiostudiow.com.br\/site\/wp-json\/wp\/v2\/posts\/18166","targetHints":{"allow":["GET"]}}],"collection":[{"href":"https:\/\/radiostudiow.com.br\/site\/wp-json\/wp\/v2\/posts"}],"about":[{"href":"https:\/\/radiostudiow.com.br\/site\/wp-json\/wp\/v2\/types\/post"}],"author":[{"embeddable":true,"href":"https:\/\/radiostudiow.com.br\/site\/wp-json\/wp\/v2\/users\/2"}],"replies":[{"embeddable":true,"href":"https:\/\/radiostudiow.com.br\/site\/wp-json\/wp\/v2\/comments?post=18166"}],"version-history":[{"count":1,"href":"https:\/\/radiostudiow.com.br\/site\/wp-json\/wp\/v2\/posts\/18166\/revisions"}],"predecessor-version":[{"id":18168,"href":"https:\/\/radiostudiow.com.br\/site\/wp-json\/wp\/v2\/posts\/18166\/revisions\/18168"}],"wp:attachment":[{"href":"https:\/\/radiostudiow.com.br\/site\/wp-json\/wp\/v2\/media?parent=18166"}],"wp:term":[{"taxonomy":"category","embeddable":true,"href":"https:\/\/radiostudiow.com.br\/site\/wp-json\/wp\/v2\/categories?post=18166"},{"taxonomy":"post_tag","embeddable":true,"href":"https:\/\/radiostudiow.com.br\/site\/wp-json\/wp\/v2\/tags?post=18166"}],"curies":[{"name":"wp","href":"https:\/\/api.w.org\/{rel}","templated":true}]}}