{"id":18177,"date":"2023-12-26T11:07:38","date_gmt":"2023-12-26T14:07:38","guid":{"rendered":"https:\/\/radiostudiow.com.br\/site\/?p=18177"},"modified":"2025-01-31T15:02:24","modified_gmt":"2025-01-31T18:02:24","slug":"pm-de-reboucas-encontra-veiculo-incendiado","status":"publish","type":"post","link":"https:\/\/radiostudiow.com.br\/site\/2023\/12\/26\/pm-de-reboucas-encontra-veiculo-incendiado\/","title":{"rendered":"PM DE REBOU\u00c7AS ENCONTRA VE\u00cdCULO INCENDIADO"},"content":{"rendered":"\n<p><em>Autom\u00f3vel Ford Fiesta foi encontrado queimado ao lado da estrada rural da comunidade de Barro Branco neste domingo, 24\/Paulo Sava, com informa\u00e7\u00f5es da Pol\u00edcia Militar<\/em>.<\/p>\n\n\n\n<figure class=\"wp-block-image size-full\"><img decoding=\"async\" src=\"https:\/\/radiostudiow.com.br\/site\/wp-content\/uploads\/2023\/10\/SITE-GRANDE4.png\" alt=\"\" class=\"wp-image-16367\"\/><\/figure>\n\n\n\n<p>A equipe da Pol\u00edcia Militar de Rebou\u00e7as encontrou um autom\u00f3vel Ford Fiesta incendiado \u00e0s margens da estrada rural da localidade de Barro Branco, em Rebou\u00e7as, na tarde de domingo (24).<\/p>\n\n\n\n<p>Os policiais estiveram no local e conversaram com vizinhos, mas estes n\u00e3o souberam informar como o fato ocorreu e nem quem seria o propriet\u00e1rio do ve\u00edculo.<\/p>\n\n\n\n<p>Um t\u00e9cnico da Pol\u00edcia Civil afirmou que faria a per\u00edcia no carro assim que ele fosse levado para o p\u00e1tio do 2\u00ba Pelot\u00e3o.<\/p>\n\n\n\n<figure class=\"wp-block-image size-full\"><img decoding=\"async\" src=\"https:\/\/radiostudiow.com.br\/site\/wp-content\/uploads\/2023\/10\/SITE-GRANDE5.png\" alt=\"\" class=\"wp-image-16372\"\/><\/figure>\n","protected":false},"excerpt":{"rendered":"<p>Autom\u00f3vel Ford Fiesta foi encontrado queimado ao lado da estrada rural da comunidade de Barro Branco neste domingo, 24\/Paulo Sava, com informa\u00e7\u00f5es da Pol\u00edcia Militar. A equipe da Pol\u00edcia Militar de Rebou\u00e7as encontrou um autom\u00f3vel Ford Fiesta incendiado \u00e0s margens da estrada rural da localidade de Barro Branco, em Rebou\u00e7as, na tarde de domingo (24). [&hellip;]<\/p>\n","protected":false},"author":2,"featured_media":18178,"comment_status":"open","ping_status":"open","sticky":false,"template":"","format":"standard","meta":{"footnotes":""},"categories":[2],"tags":[172],"class_list":["post-18177","post","type-post","status-publish","format-standard","has-post-thumbnail","hentry","category-policial","tag-featured"],"amp_enabled":true,"_links":{"self":[{"href":"https:\/\/radiostudiow.com.br\/site\/wp-json\/wp\/v2\/posts\/18177","targetHints":{"allow":["GET"]}}],"collection":[{"href":"https:\/\/radiostudiow.com.br\/site\/wp-json\/wp\/v2\/posts"}],"about":[{"href":"https:\/\/radiostudiow.com.br\/site\/wp-json\/wp\/v2\/types\/post"}],"author":[{"embeddable":true,"href":"https:\/\/radiostudiow.com.br\/site\/wp-json\/wp\/v2\/users\/2"}],"replies":[{"embeddable":true,"href":"https:\/\/radiostudiow.com.br\/site\/wp-json\/wp\/v2\/comments?post=18177"}],"version-history":[{"count":1,"href":"https:\/\/radiostudiow.com.br\/site\/wp-json\/wp\/v2\/posts\/18177\/revisions"}],"predecessor-version":[{"id":18179,"href":"https:\/\/radiostudiow.com.br\/site\/wp-json\/wp\/v2\/posts\/18177\/revisions\/18179"}],"wp:featuredmedia":[{"embeddable":true,"href":"https:\/\/radiostudiow.com.br\/site\/wp-json\/wp\/v2\/media\/18178"}],"wp:attachment":[{"href":"https:\/\/radiostudiow.com.br\/site\/wp-json\/wp\/v2\/media?parent=18177"}],"wp:term":[{"taxonomy":"category","embeddable":true,"href":"https:\/\/radiostudiow.com.br\/site\/wp-json\/wp\/v2\/categories?post=18177"},{"taxonomy":"post_tag","embeddable":true,"href":"https:\/\/radiostudiow.com.br\/site\/wp-json\/wp\/v2\/tags?post=18177"}],"curies":[{"name":"wp","href":"https:\/\/api.w.org\/{rel}","templated":true}]}}