{"id":18183,"date":"2023-12-26T16:11:34","date_gmt":"2023-12-26T19:11:34","guid":{"rendered":"https:\/\/radiostudiow.com.br\/site\/?p=18183"},"modified":"2025-01-31T15:02:24","modified_gmt":"2025-01-31T18:02:24","slug":"moradora-de-ivai-e-vitima-de-golpe-apos-anunciar-desaparecimento-do-filho-que-ainda-nao-foi-localizado","status":"publish","type":"post","link":"https:\/\/radiostudiow.com.br\/site\/2023\/12\/26\/moradora-de-ivai-e-vitima-de-golpe-apos-anunciar-desaparecimento-do-filho-que-ainda-nao-foi-localizado\/","title":{"rendered":"MORADORA DE IVA\u00cd \u00c9 V\u00cdTIMA DE GOLPE AP\u00d3S ANUNCIAR DESAPARECIMENTO DO FILHO QUE AINDA N\u00c3O FOI LOCALIZADO"},"content":{"rendered":"\n<p><strong>Em Iva\u00ed, um rapaz desapareceu de casa na madrugada de s\u00e1bado, 23 de Dezembro e at\u00e9 domingo (24) n\u00e3o havia retornado.<\/strong> A m\u00e3e do rapaz disse aos policiais que o filho chegou em casa, deixou um autom\u00f3vel e saiu caminhando.<\/p>\n\n\n\n<figure class=\"wp-block-image size-full\"><img loading=\"lazy\" decoding=\"async\" width=\"598\" height=\"204\" src=\"https:\/\/radiostudiow.com.br\/site\/wp-content\/uploads\/2023\/12\/SITE-MEDIO4.png\" alt=\"\" class=\"wp-image-17598\" srcset=\"https:\/\/radiostudiow.com.br\/site\/wp-content\/uploads\/2023\/12\/SITE-MEDIO4.png 598w, https:\/\/radiostudiow.com.br\/site\/wp-content\/uploads\/2023\/12\/SITE-MEDIO4-300x102.png 300w\" sizes=\"auto, (max-width: 598px) 100vw, 598px\" \/><\/figure>\n\n\n\n<p>Ela relatou que, depois de postar mensagens sobre o desaparecimento do filho nas redes sociais, come\u00e7ou a receber mensagens solicitando o pagamento de um suposto resgate por ele.<\/p>\n\n\n\n<p>A pessoa que enviou as mensagens afirmou que o rapaz seria deixado nas proximidades do Hospital Municipal. A v\u00edtima enviou um PIX de R$ 750 aos suspeitos.<\/p>\n\n\n\n<p>Um dos amigos do rapaz disse que esteve com ele na \u00faltima sexta-feira, 22 de Dezembro, por volta das 20:00 horas, em um rancho na comunidade de Rio dos \u00cdndios, \u00e0s margens do Rio Iva\u00ed. Um policial foi at\u00e9 o local com a m\u00e3e, mas o rapaz n\u00e3o foi encontrado.<\/p>\n\n\n\n<figure class=\"wp-block-image size-large\"><img decoding=\"async\" src=\"https:\/\/radiostudiow.com.br\/site\/wp-content\/uploads\/2023\/12\/image-81-1024x387.png\" alt=\"\" class=\"wp-image-18066\"\/><\/figure>\n\n\n\n<p>A mulher foi orientada a registrar Boletim de Ocorr\u00eancia na Delegacia de Imbituva, levando os dados da conta banc\u00e1ria para a qual fez o pagamento do suposto resgate.<\/p>\n","protected":false},"excerpt":{"rendered":"<p>Em Iva\u00ed, um rapaz desapareceu de casa na madrugada de s\u00e1bado, 23 de Dezembro e at\u00e9 domingo (24) n\u00e3o havia retornado. A m\u00e3e do rapaz disse aos policiais que o filho chegou em casa, deixou um autom\u00f3vel e saiu caminhando. Ela relatou que, depois de postar mensagens sobre o desaparecimento do filho nas redes sociais, [&hellip;]<\/p>\n","protected":false},"author":2,"featured_media":18187,"comment_status":"open","ping_status":"open","sticky":false,"template":"","format":"standard","meta":{"footnotes":""},"categories":[2],"tags":[172],"class_list":["post-18183","post","type-post","status-publish","format-standard","has-post-thumbnail","hentry","category-policial","tag-featured"],"amp_enabled":true,"_links":{"self":[{"href":"https:\/\/radiostudiow.com.br\/site\/wp-json\/wp\/v2\/posts\/18183","targetHints":{"allow":["GET"]}}],"collection":[{"href":"https:\/\/radiostudiow.com.br\/site\/wp-json\/wp\/v2\/posts"}],"about":[{"href":"https:\/\/radiostudiow.com.br\/site\/wp-json\/wp\/v2\/types\/post"}],"author":[{"embeddable":true,"href":"https:\/\/radiostudiow.com.br\/site\/wp-json\/wp\/v2\/users\/2"}],"replies":[{"embeddable":true,"href":"https:\/\/radiostudiow.com.br\/site\/wp-json\/wp\/v2\/comments?post=18183"}],"version-history":[{"count":2,"href":"https:\/\/radiostudiow.com.br\/site\/wp-json\/wp\/v2\/posts\/18183\/revisions"}],"predecessor-version":[{"id":18188,"href":"https:\/\/radiostudiow.com.br\/site\/wp-json\/wp\/v2\/posts\/18183\/revisions\/18188"}],"wp:featuredmedia":[{"embeddable":true,"href":"https:\/\/radiostudiow.com.br\/site\/wp-json\/wp\/v2\/media\/18187"}],"wp:attachment":[{"href":"https:\/\/radiostudiow.com.br\/site\/wp-json\/wp\/v2\/media?parent=18183"}],"wp:term":[{"taxonomy":"category","embeddable":true,"href":"https:\/\/radiostudiow.com.br\/site\/wp-json\/wp\/v2\/categories?post=18183"},{"taxonomy":"post_tag","embeddable":true,"href":"https:\/\/radiostudiow.com.br\/site\/wp-json\/wp\/v2\/tags?post=18183"}],"curies":[{"name":"wp","href":"https:\/\/api.w.org\/{rel}","templated":true}]}}