{"id":18189,"date":"2023-12-26T17:12:11","date_gmt":"2023-12-26T20:12:11","guid":{"rendered":"https:\/\/radiostudiow.com.br\/site\/?p=18189"},"modified":"2025-01-31T15:02:24","modified_gmt":"2025-01-31T18:02:24","slug":"homem-e-preso-por-violencia-domestica-em-paula-freitas","status":"publish","type":"post","link":"https:\/\/radiostudiow.com.br\/site\/2023\/12\/26\/homem-e-preso-por-violencia-domestica-em-paula-freitas\/","title":{"rendered":"HOMEM \u00c9 PRESO POR VIOL\u00caNCIA DOM\u00c9STICA EM PAULA FREITAS"},"content":{"rendered":"\n<p>A equipe da Pol\u00edcia Militar de Paula Freitas foi acionada para atender uma situa\u00e7\u00e3o de viol\u00eancia dom\u00e9stica por volta das 18:00 horas desse domingo (25).<\/p>\n\n\n\n<p>De acordo com a solicita\u00e7\u00e3o, uma mulher estaria sendo agredida e amea\u00e7ada de morte pelo seu marido, os policiais se deslocaram at\u00e9 a resid\u00eancia e abordaram o autor que estava na varanda, em revista pessoal, nada de il\u00edcito foi encontrado.<\/p>\n\n\n\n<figure class=\"wp-block-image size-large\"><img decoding=\"async\" src=\"https:\/\/radiostudiow.com.br\/site\/wp-content\/uploads\/2023\/12\/image-41-1024x390.png\" alt=\"\" class=\"wp-image-17744\"\/><\/figure>\n\n\n\n<p>Os policiais conversaram com a solicitante, a qual relatou que estavam em um evento com alguns amigos e que j\u00e1 neste local o autor come\u00e7ou a lhe fazer amea\u00e7as, sendo que ap\u00f3s isto eles se deslocaram para casa.<\/p>\n\n\n\n<p>A v\u00edtima completou que ao chegar em casa, o seu marido falou que iria lhe matar e em seguida come\u00e7ou a lhe agredir com socos e tapas no rosto, tamb\u00e9m lhe lan\u00e7ou uma banqueta contra a ela que causou um hematoma no bra\u00e7o direto. Ela afirmou que j\u00e1 possui uma medida protetiva contra o autor.<\/p>\n\n\n\n<p>Diante da situa\u00e7\u00e3o, a equipe policial deu voz de pris\u00e3o ao autor e conduziu as partes para a 4\u00aa SDP para as devidas provid\u00eancias.<\/p>\n\n\n\n<figure class=\"wp-block-image size-full\"><img decoding=\"async\" src=\"https:\/\/radiostudiow.com.br\/site\/wp-content\/uploads\/2023\/10\/SITE-GRANDE5.png\" alt=\"\" class=\"wp-image-16372\"\/><\/figure>\n","protected":false},"excerpt":{"rendered":"<p>A equipe da Pol\u00edcia Militar de Paula Freitas foi acionada para atender uma situa\u00e7\u00e3o de viol\u00eancia dom\u00e9stica por volta das 18:00 horas desse domingo (25). De acordo com a solicita\u00e7\u00e3o, uma mulher estaria sendo agredida e amea\u00e7ada de morte pelo seu marido, os policiais se deslocaram at\u00e9 a resid\u00eancia e abordaram o autor que estava [&hellip;]<\/p>\n","protected":false},"author":2,"featured_media":0,"comment_status":"open","ping_status":"open","sticky":false,"template":"","format":"standard","meta":{"footnotes":""},"categories":[2],"tags":[172],"class_list":["post-18189","post","type-post","status-publish","format-standard","hentry","category-policial","tag-featured"],"amp_enabled":true,"_links":{"self":[{"href":"https:\/\/radiostudiow.com.br\/site\/wp-json\/wp\/v2\/posts\/18189","targetHints":{"allow":["GET"]}}],"collection":[{"href":"https:\/\/radiostudiow.com.br\/site\/wp-json\/wp\/v2\/posts"}],"about":[{"href":"https:\/\/radiostudiow.com.br\/site\/wp-json\/wp\/v2\/types\/post"}],"author":[{"embeddable":true,"href":"https:\/\/radiostudiow.com.br\/site\/wp-json\/wp\/v2\/users\/2"}],"replies":[{"embeddable":true,"href":"https:\/\/radiostudiow.com.br\/site\/wp-json\/wp\/v2\/comments?post=18189"}],"version-history":[{"count":2,"href":"https:\/\/radiostudiow.com.br\/site\/wp-json\/wp\/v2\/posts\/18189\/revisions"}],"predecessor-version":[{"id":18191,"href":"https:\/\/radiostudiow.com.br\/site\/wp-json\/wp\/v2\/posts\/18189\/revisions\/18191"}],"wp:attachment":[{"href":"https:\/\/radiostudiow.com.br\/site\/wp-json\/wp\/v2\/media?parent=18189"}],"wp:term":[{"taxonomy":"category","embeddable":true,"href":"https:\/\/radiostudiow.com.br\/site\/wp-json\/wp\/v2\/categories?post=18189"},{"taxonomy":"post_tag","embeddable":true,"href":"https:\/\/radiostudiow.com.br\/site\/wp-json\/wp\/v2\/tags?post=18189"}],"curies":[{"name":"wp","href":"https:\/\/api.w.org\/{rel}","templated":true}]}}