{"id":18192,"date":"2023-12-26T17:19:04","date_gmt":"2023-12-26T20:19:04","guid":{"rendered":"https:\/\/radiostudiow.com.br\/site\/?p=18192"},"modified":"2025-01-31T15:02:24","modified_gmt":"2025-01-31T18:02:24","slug":"prf-encerra-operacao-natal-2023","status":"publish","type":"post","link":"https:\/\/radiostudiow.com.br\/site\/2023\/12\/26\/prf-encerra-operacao-natal-2023\/","title":{"rendered":"PRF DE PONTA GROSSA ENCERRA OPERA\u00c7\u00c3O NATAL 2023"},"content":{"rendered":"\n<p><strong>A Delegacia da PRF de Ponta Grossa, que atende os trechos dos Postos de Ponta Grossa, Balsa Nova e Tibagi, encerrou \u00e0 meia noite de ontem, 25 de Dezembro, a Opera\u00e7\u00e3o Natal 2023.<\/strong><\/p>\n\n\n\n<figure class=\"wp-block-image size-full\"><img decoding=\"async\" src=\"https:\/\/radiostudiow.com.br\/site\/wp-content\/uploads\/2023\/10\/SITE-GRANDE2.png\" alt=\"\" class=\"wp-image-16368\"\/><\/figure>\n\n\n\n<p>Nos quatro dias de opera\u00e7\u00e3o, a PRF atuou nos principais pontos cr\u00edticos de ocorr\u00eancias, com o objetivo de reduzir os acidentes nesses locais. Durante esse per\u00edodo, houve refor\u00e7o no policiamento e na fiscaliza\u00e7\u00e3o nas rodovias federais, o que resultou em 299 ve\u00edculos e 320 pessoas fiscalizadas, al\u00e9m de 149 testes de alcoolemia realizados.<\/p>\n\n\n\n<p>Tr\u00eas condutores foram flagrados sob efeito de bebida alco\u00f3lica; nove ocupantes de ve\u00edculos n\u00e3o usavam cinto de seguran\u00e7a e sete crian\u00e7as eram transportadas sem o uso do dispositivo de reten\u00e7\u00e3o &#8211; a cadeirinha. Al\u00e9m disso, 35 ve\u00edculos foram flagrados em ultrapassagens indevidas e 321 transitando acima do limite de velocidade.<\/p>\n\n\n\n<p>Foram registrados 12 acidentes com tr\u00eas mortos e oito feridos. As mortes ocorreram em tr\u00eas atropelamentos: o primeiro no dia 22 \u00e0s 19h05, na BR 373, em Ponta Grossa, vitimando uma mulher de aproximadamente 65 anos; o segundo, no dia 23, por volta das 21h, na BR 277, em Campo Largo, em que morreu um homem de aproximadamente 40 anos; e, no dia 25, por volta das 21:05 horas, na BR 277, em Porto Amazonas, um homem de mais ou menos 30 anos foi atropelado e morreu no local.<\/p>\n\n\n\n<figure class=\"wp-block-image size-full\"><img loading=\"lazy\" decoding=\"async\" width=\"598\" height=\"204\" src=\"https:\/\/radiostudiow.com.br\/site\/wp-content\/uploads\/2023\/12\/SITE-MEDIO4.png\" alt=\"\" class=\"wp-image-17598\" srcset=\"https:\/\/radiostudiow.com.br\/site\/wp-content\/uploads\/2023\/12\/SITE-MEDIO4.png 598w, https:\/\/radiostudiow.com.br\/site\/wp-content\/uploads\/2023\/12\/SITE-MEDIO4-300x102.png 300w\" sizes=\"auto, (max-width: 598px) 100vw, 598px\" \/><\/figure>\n\n\n\n<p>O feriado foi marcado por fluxo intenso em todas as rodovias da regi\u00e3o, havendo registros de lentid\u00e3o em determinados hor\u00e1rios, devido \u00e0 quantidade de ve\u00edculos circulando. A chuva foi elemento presente em v\u00e1rios momentos, causando lentid\u00e3o e acidentes.<\/p>\n\n\n\n<p>A PRF coloca-se \u00e0 disposi\u00e7\u00e3o de todos os usu\u00e1rios pelo n\u00famero 191 e pelas redes sociais, para comunica\u00e7\u00e3o de ocorr\u00eancias, informa\u00e7\u00f5es e den\u00fancias.<\/p>\n\n\n\n<p>FONTE: <a href=\"https:\/\/www.facebook.com\/hojecentrosul\" data-type=\"link\" data-id=\"https:\/\/www.facebook.com\/hojecentrosul\">Jornal Hoje Centro Sul<\/a><\/p>\n","protected":false},"excerpt":{"rendered":"<p>A Delegacia da PRF de Ponta Grossa, que atende os trechos dos Postos de Ponta Grossa, Balsa Nova e Tibagi, encerrou \u00e0 meia noite de ontem, 25 de Dezembro, a Opera\u00e7\u00e3o Natal 2023. Nos quatro dias de opera\u00e7\u00e3o, a PRF atuou nos principais pontos cr\u00edticos de ocorr\u00eancias, com o objetivo de reduzir os acidentes nesses [&hellip;]<\/p>\n","protected":false},"author":2,"featured_media":18193,"comment_status":"open","ping_status":"open","sticky":false,"template":"","format":"standard","meta":{"footnotes":""},"categories":[2],"tags":[172],"class_list":["post-18192","post","type-post","status-publish","format-standard","has-post-thumbnail","hentry","category-policial","tag-featured"],"amp_enabled":true,"_links":{"self":[{"href":"https:\/\/radiostudiow.com.br\/site\/wp-json\/wp\/v2\/posts\/18192","targetHints":{"allow":["GET"]}}],"collection":[{"href":"https:\/\/radiostudiow.com.br\/site\/wp-json\/wp\/v2\/posts"}],"about":[{"href":"https:\/\/radiostudiow.com.br\/site\/wp-json\/wp\/v2\/types\/post"}],"author":[{"embeddable":true,"href":"https:\/\/radiostudiow.com.br\/site\/wp-json\/wp\/v2\/users\/2"}],"replies":[{"embeddable":true,"href":"https:\/\/radiostudiow.com.br\/site\/wp-json\/wp\/v2\/comments?post=18192"}],"version-history":[{"count":2,"href":"https:\/\/radiostudiow.com.br\/site\/wp-json\/wp\/v2\/posts\/18192\/revisions"}],"predecessor-version":[{"id":18196,"href":"https:\/\/radiostudiow.com.br\/site\/wp-json\/wp\/v2\/posts\/18192\/revisions\/18196"}],"wp:featuredmedia":[{"embeddable":true,"href":"https:\/\/radiostudiow.com.br\/site\/wp-json\/wp\/v2\/media\/18193"}],"wp:attachment":[{"href":"https:\/\/radiostudiow.com.br\/site\/wp-json\/wp\/v2\/media?parent=18192"}],"wp:term":[{"taxonomy":"category","embeddable":true,"href":"https:\/\/radiostudiow.com.br\/site\/wp-json\/wp\/v2\/categories?post=18192"},{"taxonomy":"post_tag","embeddable":true,"href":"https:\/\/radiostudiow.com.br\/site\/wp-json\/wp\/v2\/tags?post=18192"}],"curies":[{"name":"wp","href":"https:\/\/api.w.org\/{rel}","templated":true}]}}