{"id":18197,"date":"2023-12-26T18:40:58","date_gmt":"2023-12-26T21:40:58","guid":{"rendered":"https:\/\/radiostudiow.com.br\/site\/?p=18197"},"modified":"2025-01-31T15:02:24","modified_gmt":"2025-01-31T18:02:24","slug":"rotam-prende-homem-suspeito-pela-tentativa-de-homicidio-em-sao-mateus-do-sul","status":"publish","type":"post","link":"https:\/\/radiostudiow.com.br\/site\/2023\/12\/26\/rotam-prende-homem-suspeito-pela-tentativa-de-homicidio-em-sao-mateus-do-sul\/","title":{"rendered":"ROTAM PRENDE HOMEM SUSPEITO PELA TENTATIVA DE HOMIC\u00cdDIO EM S\u00c3O MATEUS DO SUL"},"content":{"rendered":"\n<p>De acordo com as informa\u00e7\u00f5es dos policiais, o suspeito estava em um bar na \u00e1rea central e durante a revista no ve\u00edculo, foi encontrado a poss\u00edvel arma de fogo utilizada no crime.<\/p>\n\n\n\n<figure class=\"wp-block-image size-full\"><img decoding=\"async\" src=\"https:\/\/radiostudiow.com.br\/site\/wp-content\/uploads\/2023\/08\/image-127.png\" alt=\"\" class=\"wp-image-14660\"\/><\/figure>\n\n\n\n<p>A tentativa de homic\u00eddio aconteceu nas primeiras horas da manh\u00e3 do dia 24 de dezembro, v\u00e9spera de Natal. <a href=\"https:\/\/radiostudiow.com.br\/site\/2023\/12\/26\/mulher-e-atingida-por-tiros-apos-discusao-com-conhecido-em-sao-mateus-do-sul\/\" data-type=\"link\" data-id=\"https:\/\/radiostudiow.com.br\/site\/2023\/12\/26\/mulher-e-atingida-por-tiros-apos-discusao-com-conhecido-em-sao-mateus-do-sul\/\">No local, uma jovem de 26 anos apresentava ferimentos graves na regi\u00e3o do t\u00f3rax ap\u00f3s ter sido atingida por um tiro.<\/a><\/p>\n\n\n\n<p>Bombeiros atenderam a mulher, bem como a Pol\u00edcia Militar deslocou-se at\u00e9 o Pronto Atendimento para identifica\u00e7\u00e3o da v\u00edtima e informa\u00e7\u00f5es sobre o suspeito.<\/p>\n\n\n\n<p>O homem preso j\u00e1 \u00e9 conhecido no meio policial e foi levado at\u00e9 a delegacia.<\/p>\n\n\n\n<figure class=\"wp-block-image size-full\"><img decoding=\"async\" src=\"https:\/\/radiostudiow.com.br\/site\/wp-content\/uploads\/2023\/12\/SITE-PEQUENO3.png\" alt=\"\" class=\"wp-image-17616\"\/><\/figure>\n","protected":false},"excerpt":{"rendered":"<p>De acordo com as informa\u00e7\u00f5es dos policiais, o suspeito estava em um bar na \u00e1rea central e durante a revista no ve\u00edculo, foi encontrado a poss\u00edvel arma de fogo utilizada no crime. A tentativa de homic\u00eddio aconteceu nas primeiras horas da manh\u00e3 do dia 24 de dezembro, v\u00e9spera de Natal. No local, uma jovem de [&hellip;]<\/p>\n","protected":false},"author":2,"featured_media":18198,"comment_status":"open","ping_status":"open","sticky":false,"template":"","format":"standard","meta":{"footnotes":""},"categories":[2],"tags":[172],"class_list":["post-18197","post","type-post","status-publish","format-standard","has-post-thumbnail","hentry","category-policial","tag-featured"],"amp_enabled":true,"_links":{"self":[{"href":"https:\/\/radiostudiow.com.br\/site\/wp-json\/wp\/v2\/posts\/18197","targetHints":{"allow":["GET"]}}],"collection":[{"href":"https:\/\/radiostudiow.com.br\/site\/wp-json\/wp\/v2\/posts"}],"about":[{"href":"https:\/\/radiostudiow.com.br\/site\/wp-json\/wp\/v2\/types\/post"}],"author":[{"embeddable":true,"href":"https:\/\/radiostudiow.com.br\/site\/wp-json\/wp\/v2\/users\/2"}],"replies":[{"embeddable":true,"href":"https:\/\/radiostudiow.com.br\/site\/wp-json\/wp\/v2\/comments?post=18197"}],"version-history":[{"count":1,"href":"https:\/\/radiostudiow.com.br\/site\/wp-json\/wp\/v2\/posts\/18197\/revisions"}],"predecessor-version":[{"id":18199,"href":"https:\/\/radiostudiow.com.br\/site\/wp-json\/wp\/v2\/posts\/18197\/revisions\/18199"}],"wp:featuredmedia":[{"embeddable":true,"href":"https:\/\/radiostudiow.com.br\/site\/wp-json\/wp\/v2\/media\/18198"}],"wp:attachment":[{"href":"https:\/\/radiostudiow.com.br\/site\/wp-json\/wp\/v2\/media?parent=18197"}],"wp:term":[{"taxonomy":"category","embeddable":true,"href":"https:\/\/radiostudiow.com.br\/site\/wp-json\/wp\/v2\/categories?post=18197"},{"taxonomy":"post_tag","embeddable":true,"href":"https:\/\/radiostudiow.com.br\/site\/wp-json\/wp\/v2\/tags?post=18197"}],"curies":[{"name":"wp","href":"https:\/\/api.w.org\/{rel}","templated":true}]}}