{"id":18208,"date":"2023-12-27T15:57:24","date_gmt":"2023-12-27T18:57:24","guid":{"rendered":"https:\/\/radiostudiow.com.br\/site\/?p=18208"},"modified":"2025-01-31T15:02:24","modified_gmt":"2025-01-31T18:02:24","slug":"pm-de-mallet-e-acionada-por-perturbacao-de-sossego-devido-a-som-alto","status":"publish","type":"post","link":"https:\/\/radiostudiow.com.br\/site\/2023\/12\/27\/pm-de-mallet-e-acionada-por-perturbacao-de-sossego-devido-a-som-alto\/","title":{"rendered":"PM DE MALLET \u00c9 ACIONADA POR PERTURBA\u00c7\u00c3O DE SOSSEGO DEVIDO A SOM ALTO"},"content":{"rendered":"\n<p>A equipe da Pol\u00edcia Militar de Mallet recebeu uma solicita\u00e7\u00e3o para averiguar uma ocorr\u00eancia de perturba\u00e7\u00e3o do trabalho ou sossego alheio por som alto no bairro Vila Maria.<\/p>\n\n\n\n<figure class=\"wp-block-image size-full\"><img decoding=\"async\" src=\"https:\/\/radiostudiow.com.br\/site\/wp-content\/uploads\/2023\/10\/SITE-GRANDE-1.png\" alt=\"\" class=\"wp-image-16374\"\/><\/figure>\n\n\n\n<p>De acordo com a solicitante, estaria ocorrendo uma festa com som elevado e muita gritaria por volta das 23:00 horas dessa ter\u00e7a-feira (26).<\/p>\n\n\n\n<p>Os policiais se deslocaram at\u00e9 o local, entrou em contato com o respons\u00e1vel e orientou sobre o volume excessivo do som. O respons\u00e1vel prontamente se comprometeu a desligar o som, informando que se tratava de uma reuni\u00e3o com amigos que j\u00e1 estava sendo encerrada.<\/p>\n\n\n\n<p>Foi devidamente orientado pela equipe.<\/p>\n\n\n\n<figure class=\"wp-block-image size-full\"><img decoding=\"async\" src=\"https:\/\/radiostudiow.com.br\/site\/wp-content\/uploads\/2023\/10\/SITE-GRANDE5.png\" alt=\"\" class=\"wp-image-16372\"\/><\/figure>\n","protected":false},"excerpt":{"rendered":"<p>A equipe da Pol\u00edcia Militar de Mallet recebeu uma solicita\u00e7\u00e3o para averiguar uma ocorr\u00eancia de perturba\u00e7\u00e3o do trabalho ou sossego alheio por som alto no bairro Vila Maria. De acordo com a solicitante, estaria ocorrendo uma festa com som elevado e muita gritaria por volta das 23:00 horas dessa ter\u00e7a-feira (26). Os policiais se deslocaram [&hellip;]<\/p>\n","protected":false},"author":2,"featured_media":17329,"comment_status":"open","ping_status":"open","sticky":false,"template":"","format":"standard","meta":{"footnotes":""},"categories":[2],"tags":[172],"class_list":["post-18208","post","type-post","status-publish","format-standard","has-post-thumbnail","hentry","category-policial","tag-featured"],"amp_enabled":true,"_links":{"self":[{"href":"https:\/\/radiostudiow.com.br\/site\/wp-json\/wp\/v2\/posts\/18208","targetHints":{"allow":["GET"]}}],"collection":[{"href":"https:\/\/radiostudiow.com.br\/site\/wp-json\/wp\/v2\/posts"}],"about":[{"href":"https:\/\/radiostudiow.com.br\/site\/wp-json\/wp\/v2\/types\/post"}],"author":[{"embeddable":true,"href":"https:\/\/radiostudiow.com.br\/site\/wp-json\/wp\/v2\/users\/2"}],"replies":[{"embeddable":true,"href":"https:\/\/radiostudiow.com.br\/site\/wp-json\/wp\/v2\/comments?post=18208"}],"version-history":[{"count":6,"href":"https:\/\/radiostudiow.com.br\/site\/wp-json\/wp\/v2\/posts\/18208\/revisions"}],"predecessor-version":[{"id":18226,"href":"https:\/\/radiostudiow.com.br\/site\/wp-json\/wp\/v2\/posts\/18208\/revisions\/18226"}],"wp:featuredmedia":[{"embeddable":true,"href":"https:\/\/radiostudiow.com.br\/site\/wp-json\/wp\/v2\/media\/17329"}],"wp:attachment":[{"href":"https:\/\/radiostudiow.com.br\/site\/wp-json\/wp\/v2\/media?parent=18208"}],"wp:term":[{"taxonomy":"category","embeddable":true,"href":"https:\/\/radiostudiow.com.br\/site\/wp-json\/wp\/v2\/categories?post=18208"},{"taxonomy":"post_tag","embeddable":true,"href":"https:\/\/radiostudiow.com.br\/site\/wp-json\/wp\/v2\/tags?post=18208"}],"curies":[{"name":"wp","href":"https:\/\/api.w.org\/{rel}","templated":true}]}}