{"id":18217,"date":"2023-12-27T10:01:55","date_gmt":"2023-12-27T13:01:55","guid":{"rendered":"https:\/\/radiostudiow.com.br\/site\/?p=18217"},"modified":"2025-01-31T15:02:24","modified_gmt":"2025-01-31T18:02:24","slug":"pm-de-sao-mateus-do-sul-e-procurada-apos-maus-tratos-contra-idoso","status":"publish","type":"post","link":"https:\/\/radiostudiow.com.br\/site\/2023\/12\/27\/pm-de-sao-mateus-do-sul-e-procurada-apos-maus-tratos-contra-idoso\/","title":{"rendered":"PM DE S\u00c3O MATEUS DO SUL \u00c9 PROCURADA AP\u00d3S MAUS-TRATOS CONTRA IDOSO"},"content":{"rendered":"\n<p>Uma mulher procurou a equipe da Pol\u00edcia Militar de S\u00e3o Mateus do Sul relatando que seu pai \u00e9 interno em um lar de idosos e, em eventos recorrentes, tem observado situa\u00e7\u00f5es que evidenciam maus-tratos ao idoso nesta ter\u00e7a-feira (26).<\/p>\n\n\n\n<figure class=\"wp-block-image size-full\"><img decoding=\"async\" src=\"https:\/\/radiostudiow.com.br\/site\/wp-content\/uploads\/2023\/10\/SITE-GRANDE4.png\" alt=\"\" class=\"wp-image-16367\"\/><\/figure>\n\n\n\n<p>Ela mencionou que, em diversas visitas, presenciou a aplica\u00e7\u00e3o de castigos, sendo que em uma ocasi\u00e3o seu pai estava sem fralda, urinado, sentado em um banco de madeira, sem andador, para que ele n\u00e3o conseguisse sair.<\/p>\n\n\n\n<p>Al\u00e9m disso, em outra visita, outra filha notou que os pertences de seu pai foram retidos como forma de repreens\u00e3o. Por fim, uma queda dentro do lar resultou em uma les\u00e3o permanente em seu pai, levando-o a ser internado em coma.<\/p>\n\n\n\n<figure class=\"wp-block-image size-large\"><img decoding=\"async\" src=\"https:\/\/radiostudiow.com.br\/site\/wp-content\/uploads\/2023\/12\/image-81-1024x387.png\" alt=\"\" class=\"wp-image-18066\"\/><\/figure>\n\n\n\n<p>Foram repassadas as orienta\u00e7\u00f5es cab\u00edveis para lidar com a situa\u00e7\u00e3o. O nome da institui\u00e7\u00e3o n\u00e3o foi divulgada pela Pol\u00edcia Militar.<\/p>\n\n\n\n<p><em>Com informa\u00e7\u00f5es Pol\u00edcia Militar<\/em><\/p>\n","protected":false},"excerpt":{"rendered":"<p>Uma mulher procurou a equipe da Pol\u00edcia Militar de S\u00e3o Mateus do Sul relatando que seu pai \u00e9 interno em um lar de idosos e, em eventos recorrentes, tem observado situa\u00e7\u00f5es que evidenciam maus-tratos ao idoso nesta ter\u00e7a-feira (26). Ela mencionou que, em diversas visitas, presenciou a aplica\u00e7\u00e3o de castigos, sendo que em uma ocasi\u00e3o [&hellip;]<\/p>\n","protected":false},"author":2,"featured_media":14798,"comment_status":"open","ping_status":"open","sticky":false,"template":"","format":"standard","meta":{"footnotes":""},"categories":[2],"tags":[172],"class_list":["post-18217","post","type-post","status-publish","format-standard","has-post-thumbnail","hentry","category-policial","tag-featured"],"amp_enabled":true,"_links":{"self":[{"href":"https:\/\/radiostudiow.com.br\/site\/wp-json\/wp\/v2\/posts\/18217","targetHints":{"allow":["GET"]}}],"collection":[{"href":"https:\/\/radiostudiow.com.br\/site\/wp-json\/wp\/v2\/posts"}],"about":[{"href":"https:\/\/radiostudiow.com.br\/site\/wp-json\/wp\/v2\/types\/post"}],"author":[{"embeddable":true,"href":"https:\/\/radiostudiow.com.br\/site\/wp-json\/wp\/v2\/users\/2"}],"replies":[{"embeddable":true,"href":"https:\/\/radiostudiow.com.br\/site\/wp-json\/wp\/v2\/comments?post=18217"}],"version-history":[{"count":1,"href":"https:\/\/radiostudiow.com.br\/site\/wp-json\/wp\/v2\/posts\/18217\/revisions"}],"predecessor-version":[{"id":18218,"href":"https:\/\/radiostudiow.com.br\/site\/wp-json\/wp\/v2\/posts\/18217\/revisions\/18218"}],"wp:featuredmedia":[{"embeddable":true,"href":"https:\/\/radiostudiow.com.br\/site\/wp-json\/wp\/v2\/media\/14798"}],"wp:attachment":[{"href":"https:\/\/radiostudiow.com.br\/site\/wp-json\/wp\/v2\/media?parent=18217"}],"wp:term":[{"taxonomy":"category","embeddable":true,"href":"https:\/\/radiostudiow.com.br\/site\/wp-json\/wp\/v2\/categories?post=18217"},{"taxonomy":"post_tag","embeddable":true,"href":"https:\/\/radiostudiow.com.br\/site\/wp-json\/wp\/v2\/tags?post=18217"}],"curies":[{"name":"wp","href":"https:\/\/api.w.org\/{rel}","templated":true}]}}