{"id":18219,"date":"2023-12-27T10:10:38","date_gmt":"2023-12-27T13:10:38","guid":{"rendered":"https:\/\/radiostudiow.com.br\/site\/?p=18219"},"modified":"2025-01-31T15:02:24","modified_gmt":"2025-01-31T18:02:24","slug":"pm-de-antonio-olinto-registra-duas-situacoes-de-violencia-domestica","status":"publish","type":"post","link":"https:\/\/radiostudiow.com.br\/site\/2023\/12\/27\/pm-de-antonio-olinto-registra-duas-situacoes-de-violencia-domestica\/","title":{"rendered":"PM DE ANT\u00d4NIO OLINTO REGISTRA DUAS SITUA\u00c7\u00d5ES DE VIOL\u00caNCIA DOM\u00c9STICA"},"content":{"rendered":"\n<p><em>Uma mulher compareceu ao Pelot\u00e3o da Pol\u00edcia Militar de Ant\u00f4nio Olinto nessa ter\u00e7a-feira, 26 de Dezembro, relatando que na tarde de segunda-feira (25), seu ex-companheiro chegou em sua resid\u00eancia embriagado, agredindo-a com chutes e socos.<\/em><\/p>\n\n\n\n<figure class=\"wp-block-image size-large\"><img decoding=\"async\" src=\"https:\/\/radiostudiow.com.br\/site\/wp-content\/uploads\/2023\/12\/image-3-1024x390.png\" alt=\"\" class=\"wp-image-17541\"\/><\/figure>\n\n\n\n<p>Ela informou que mantiveram um relacionamento por aproximadamente 1 ano, mas que se separaram h\u00e1 2 meses, reatando h\u00e1 poucos dias. A v\u00edtima tamb\u00e9m mencionou que j\u00e1 ocorreram agress\u00f5es e discuss\u00f5es em outras ocasi\u00f5es, inclusive na presen\u00e7a dos filhos.<\/p>\n\n\n\n<p>Ela destacou que o filho que tem em comum com o autor passou a se comportar de maneira mais agressiva em rela\u00e7\u00e3o ao pai ap\u00f3s presenciar diversas discuss\u00f5es do casal. Diante do ocorrido, a v\u00edtima manifestou temor por sua integridade e foi orientada pela equipe policial a dirigir-se at\u00e9 a delegacia de S\u00e3o Mateus do Sul para buscar a concess\u00e3o de uma medida protetiva.<\/p>\n\n\n\n<figure class=\"wp-block-image size-full\"><img decoding=\"async\" src=\"https:\/\/radiostudiow.com.br\/site\/wp-content\/uploads\/2023\/10\/SITE-GRANDE5.png\" alt=\"\" class=\"wp-image-16372\"\/><\/figure>\n\n\n\n<p>Tamb\u00e9m em Ant\u00f4nio Olinto, uma mulher procurou a Pol\u00edcia Militar relatando que na noite do dia 22 de dezembro foi agredida por seu ex-companheiro, o qual havia ingerido bebida alco\u00f3lica.<\/p>\n\n\n\n<p>Inicialmente, ele a ofendeu verbalmente, evoluindo para agress\u00e3o f\u00edsica que resultou em les\u00f5es nos bra\u00e7os e coxas. A v\u00edtima mencionou que, na ocasi\u00e3o, n\u00e3o quis chamar a pol\u00edcia, e na manh\u00e3 seguinte saiu de casa, retirou seus pertences pessoais e foi para a casa de sua m\u00e3e.<\/p>\n\n\n\n<p>A v\u00edtima manifestou temor por sua integridade f\u00edsica e foi orientada pela equipe policial sobre os procedimentos cab\u00edveis.<\/p>\n\n\n\n<figure class=\"wp-block-image size-full\"><img loading=\"lazy\" decoding=\"async\" width=\"300\" height=\"180\" src=\"https:\/\/radiostudiow.com.br\/site\/wp-content\/uploads\/2023\/10\/SITE-PEQUENO.png\" alt=\"\" class=\"wp-image-16508\"\/><\/figure>\n","protected":false},"excerpt":{"rendered":"<p>Uma mulher compareceu ao Pelot\u00e3o da Pol\u00edcia Militar de Ant\u00f4nio Olinto nessa ter\u00e7a-feira, 26 de Dezembro, relatando que na tarde de segunda-feira (25), seu ex-companheiro chegou em sua resid\u00eancia embriagado, agredindo-a com chutes e socos. Ela informou que mantiveram um relacionamento por aproximadamente 1 ano, mas que se separaram h\u00e1 2 meses, reatando h\u00e1 poucos [&hellip;]<\/p>\n","protected":false},"author":2,"featured_media":16962,"comment_status":"open","ping_status":"open","sticky":false,"template":"","format":"standard","meta":{"footnotes":""},"categories":[2],"tags":[172],"class_list":["post-18219","post","type-post","status-publish","format-standard","has-post-thumbnail","hentry","category-policial","tag-featured"],"amp_enabled":true,"_links":{"self":[{"href":"https:\/\/radiostudiow.com.br\/site\/wp-json\/wp\/v2\/posts\/18219","targetHints":{"allow":["GET"]}}],"collection":[{"href":"https:\/\/radiostudiow.com.br\/site\/wp-json\/wp\/v2\/posts"}],"about":[{"href":"https:\/\/radiostudiow.com.br\/site\/wp-json\/wp\/v2\/types\/post"}],"author":[{"embeddable":true,"href":"https:\/\/radiostudiow.com.br\/site\/wp-json\/wp\/v2\/users\/2"}],"replies":[{"embeddable":true,"href":"https:\/\/radiostudiow.com.br\/site\/wp-json\/wp\/v2\/comments?post=18219"}],"version-history":[{"count":1,"href":"https:\/\/radiostudiow.com.br\/site\/wp-json\/wp\/v2\/posts\/18219\/revisions"}],"predecessor-version":[{"id":18220,"href":"https:\/\/radiostudiow.com.br\/site\/wp-json\/wp\/v2\/posts\/18219\/revisions\/18220"}],"wp:featuredmedia":[{"embeddable":true,"href":"https:\/\/radiostudiow.com.br\/site\/wp-json\/wp\/v2\/media\/16962"}],"wp:attachment":[{"href":"https:\/\/radiostudiow.com.br\/site\/wp-json\/wp\/v2\/media?parent=18219"}],"wp:term":[{"taxonomy":"category","embeddable":true,"href":"https:\/\/radiostudiow.com.br\/site\/wp-json\/wp\/v2\/categories?post=18219"},{"taxonomy":"post_tag","embeddable":true,"href":"https:\/\/radiostudiow.com.br\/site\/wp-json\/wp\/v2\/tags?post=18219"}],"curies":[{"name":"wp","href":"https:\/\/api.w.org\/{rel}","templated":true}]}}