{"id":18227,"date":"2023-12-27T18:07:21","date_gmt":"2023-12-27T21:07:21","guid":{"rendered":"https:\/\/radiostudiow.com.br\/site\/?p=18227"},"modified":"2025-01-31T15:02:24","modified_gmt":"2025-01-31T18:02:24","slug":"tres-obitos-sao-registrados-em-boate-na-br-277-em-palmeira","status":"publish","type":"post","link":"https:\/\/radiostudiow.com.br\/site\/2023\/12\/27\/tres-obitos-sao-registrados-em-boate-na-br-277-em-palmeira\/","title":{"rendered":"TIROTEIO EM BOATE NA BR-277 EM PALMEIRA DEIXA MORTOS"},"content":{"rendered":"\n<p>Equipes da Pol\u00edcia Militar, Corpo de Bombeiros e do Servi\u00e7o de Atendimento M\u00f3vel de Urg\u00eancia (Samu) foram acionadas para atender um tiroteio em uma boate localizada na Br-277, em Palmeira na tarde desta quarta-feira (27).<\/p>\n\n\n\n<figure class=\"wp-block-image size-full\"><img decoding=\"async\" src=\"https:\/\/radiostudiow.com.br\/site\/wp-content\/uploads\/2023\/12\/SITE-PEQUENO3.png\" alt=\"\" class=\"wp-image-17616\"\/><\/figure>\n\n\n\n<p>No epis\u00f3dio, dois homens de 37 e 23 anos foram mortos a tiros. Uma mulher de 24 anos ficou ferida. N\u00e3o se sabe at\u00e9 o momento as motiva\u00e7\u00f5es dos crimes.&nbsp; As autoridades da \u00e1rea de seguran\u00e7a trabalham para esclarecer o fato.&nbsp;<\/p>\n\n\n\n<p><strong><em><strong>NOTA DA POL\u00cdCIA CIVIL<\/strong>\u00a0&#8211; <\/em><\/strong><em>Em nota distribu\u00edda no final da tarde, o delegado de Palmeira, Rodrigo Siqueira, deu a seguinte informa\u00e7\u00e3o:\u00a0<em>&#8220;A equipe da 40\u00aa Delegacia Regional de Pol\u00edcia Civil de Palmeira, na tarde desta quarta-feira (27), foi acionada pela Pol\u00edcia Militar &#8211; a qual\u00a0realizou o primeiro atendimento &#8211; para investigar dois \u00f3bitos e um ferimento por disparo de arma de fogo ocorrido em uma boate no munic\u00edpio de Palmeira<\/em><\/em><strong><em><em>.\u00a0<\/em><\/em><\/strong><\/p>\n\n\n\n<p><em>Ao chegar ao local dos fatos, a equipe se deparou com dois homens sem sinais vitais &#8211; 37 e 23 anos -, provavelmente atingidos por disparos de arma de fogo. Uma mulher de 24 tamb\u00e9m foi atingida e conduzida ao hospital de Ponta Grossa ainda com vida.\u00a0<\/em><\/p>\n\n\n\n<figure class=\"wp-block-image size-full\"><img decoding=\"async\" src=\"https:\/\/radiostudiow.com.br\/site\/wp-content\/uploads\/2023\/10\/SITE-GRANDE5.png\" alt=\"\" class=\"wp-image-16372\"\/><\/figure>\n\n\n\n<p><em>A investiga\u00e7\u00e3o segue com as oitivas de testemunhas, per\u00edcias do IML e an\u00e1lise de imagens de circuito de videomonitoramento, a fim de elucidar as causas, modos e motiva\u00e7\u00e3o do delito&#8221;.\u00a0<\/em><\/p>\n\n\n\n<p>FONTE: <a href=\"https:\/\/arede.info\/?d=1\" data-type=\"link\" data-id=\"https:\/\/arede.info\/?d=1\">A Rede<\/a> | <a href=\"https:\/\/www.facebook.com\/webradiopalmeira.com.br?__cft__[0]=AZVTh-ojgTw5QTeBPXAUZC18aBj9F327CKB-RUDylHCdAAM0UZXX7jMIVN5HlupcJPBogsQjyVYd1FEHdPeLW83arZGJh-omr1gumpZ8whqshBCjmpG8YX6zPJlURQK7WZZKLzF1jNpZrNSQxKR8WP0iuyTKNv5rWpQDLn9Lh0iv4YZKlSU6Yl13LRq2WxDM9hE&amp;__tn__=-]K-R\">Web R\u00e1dio Palmeira<\/a><\/p>\n","protected":false},"excerpt":{"rendered":"<p>Equipes da Pol\u00edcia Militar, Corpo de Bombeiros e do Servi\u00e7o de Atendimento M\u00f3vel de Urg\u00eancia (Samu) foram acionadas para atender um tiroteio em uma boate localizada na Br-277, em Palmeira na tarde desta quarta-feira (27). No epis\u00f3dio, dois homens de 37 e 23 anos foram mortos a tiros. Uma mulher de 24 anos ficou ferida. [&hellip;]<\/p>\n","protected":false},"author":2,"featured_media":18228,"comment_status":"open","ping_status":"open","sticky":false,"template":"","format":"standard","meta":{"footnotes":""},"categories":[2],"tags":[172],"class_list":["post-18227","post","type-post","status-publish","format-standard","has-post-thumbnail","hentry","category-policial","tag-featured"],"amp_enabled":true,"_links":{"self":[{"href":"https:\/\/radiostudiow.com.br\/site\/wp-json\/wp\/v2\/posts\/18227","targetHints":{"allow":["GET"]}}],"collection":[{"href":"https:\/\/radiostudiow.com.br\/site\/wp-json\/wp\/v2\/posts"}],"about":[{"href":"https:\/\/radiostudiow.com.br\/site\/wp-json\/wp\/v2\/types\/post"}],"author":[{"embeddable":true,"href":"https:\/\/radiostudiow.com.br\/site\/wp-json\/wp\/v2\/users\/2"}],"replies":[{"embeddable":true,"href":"https:\/\/radiostudiow.com.br\/site\/wp-json\/wp\/v2\/comments?post=18227"}],"version-history":[{"count":4,"href":"https:\/\/radiostudiow.com.br\/site\/wp-json\/wp\/v2\/posts\/18227\/revisions"}],"predecessor-version":[{"id":18250,"href":"https:\/\/radiostudiow.com.br\/site\/wp-json\/wp\/v2\/posts\/18227\/revisions\/18250"}],"wp:featuredmedia":[{"embeddable":true,"href":"https:\/\/radiostudiow.com.br\/site\/wp-json\/wp\/v2\/media\/18228"}],"wp:attachment":[{"href":"https:\/\/radiostudiow.com.br\/site\/wp-json\/wp\/v2\/media?parent=18227"}],"wp:term":[{"taxonomy":"category","embeddable":true,"href":"https:\/\/radiostudiow.com.br\/site\/wp-json\/wp\/v2\/categories?post=18227"},{"taxonomy":"post_tag","embeddable":true,"href":"https:\/\/radiostudiow.com.br\/site\/wp-json\/wp\/v2\/tags?post=18227"}],"curies":[{"name":"wp","href":"https:\/\/api.w.org\/{rel}","templated":true}]}}