{"id":18230,"date":"2023-12-27T16:16:43","date_gmt":"2023-12-27T19:16:43","guid":{"rendered":"https:\/\/radiostudiow.com.br\/site\/?p=18230"},"modified":"2025-01-31T15:02:24","modified_gmt":"2025-01-31T18:02:24","slug":"vitoria-medino-de-17-anos-esta-desaparecida-em-uniao-da-vitoria","status":"publish","type":"post","link":"https:\/\/radiostudiow.com.br\/site\/2023\/12\/27\/vitoria-medino-de-17-anos-esta-desaparecida-em-uniao-da-vitoria\/","title":{"rendered":"VIT\u00d3RIA MEDINO DE 17 ANOS EST\u00c1 H\u00c1 V\u00c1RIOS DIAS DESAPARECIDA EM UNI\u00c3O DA VIT\u00d3RIA"},"content":{"rendered":"\n<p><em><strong>Uma adolescente identificada como Vit\u00f3ria Medino, 17 anos de idade, est\u00e1 desaparecida desde o dia 17 de dezembro, depois que saiu de uma igreja nas proximidades da Ponte Jos\u00e9 Richa em Uni\u00e3o da Vit\u00f3ria.<\/strong><\/em><\/p>\n\n\n\n<figure class=\"wp-block-image size-full\"><img loading=\"lazy\" decoding=\"async\" width=\"598\" height=\"204\" src=\"https:\/\/radiostudiow.com.br\/site\/wp-content\/uploads\/2023\/10\/SITE-MEDIO.png\" alt=\"\" class=\"wp-image-16319\" srcset=\"https:\/\/radiostudiow.com.br\/site\/wp-content\/uploads\/2023\/10\/SITE-MEDIO.png 598w, https:\/\/radiostudiow.com.br\/site\/wp-content\/uploads\/2023\/10\/SITE-MEDIO-300x102.png 300w\" sizes=\"auto, (max-width: 598px) 100vw, 598px\" \/><\/figure>\n\n\n\n<p>Conforme divulgado pela fam\u00edlia em um post, ela foi vista entrando em um carro branco, mas n\u00e3o h\u00e1 detalhes sobre o ve\u00edculo. No dia que desapareceu ela usava um vestido de cor azul. A adolescente reside no Panorama.<\/p>\n\n\n\n<p><strong>A fam\u00edlia registrou boletim de ocorr\u00eancia na Pol\u00edcia e pede que qualquer informa\u00e7\u00e3o sobre a adolescente seja repassado para a pol\u00edcia no 190.<\/strong><\/p>\n\n\n\n<figure class=\"wp-block-image size-large\"><img decoding=\"async\" src=\"https:\/\/radiostudiow.com.br\/site\/wp-content\/uploads\/2023\/12\/image-81-1024x387.png\" alt=\"\" class=\"wp-image-18066\"\/><\/figure>\n","protected":false},"excerpt":{"rendered":"<p>Uma adolescente identificada como Vit\u00f3ria Medino, 17 anos de idade, est\u00e1 desaparecida desde o dia 17 de dezembro, depois que saiu de uma igreja nas proximidades da Ponte Jos\u00e9 Richa em Uni\u00e3o da Vit\u00f3ria. Conforme divulgado pela fam\u00edlia em um post, ela foi vista entrando em um carro branco, mas n\u00e3o h\u00e1 detalhes sobre o [&hellip;]<\/p>\n","protected":false},"author":2,"featured_media":18231,"comment_status":"open","ping_status":"open","sticky":false,"template":"","format":"standard","meta":{"footnotes":""},"categories":[2],"tags":[172],"class_list":["post-18230","post","type-post","status-publish","format-standard","has-post-thumbnail","hentry","category-policial","tag-featured"],"amp_enabled":true,"_links":{"self":[{"href":"https:\/\/radiostudiow.com.br\/site\/wp-json\/wp\/v2\/posts\/18230","targetHints":{"allow":["GET"]}}],"collection":[{"href":"https:\/\/radiostudiow.com.br\/site\/wp-json\/wp\/v2\/posts"}],"about":[{"href":"https:\/\/radiostudiow.com.br\/site\/wp-json\/wp\/v2\/types\/post"}],"author":[{"embeddable":true,"href":"https:\/\/radiostudiow.com.br\/site\/wp-json\/wp\/v2\/users\/2"}],"replies":[{"embeddable":true,"href":"https:\/\/radiostudiow.com.br\/site\/wp-json\/wp\/v2\/comments?post=18230"}],"version-history":[{"count":3,"href":"https:\/\/radiostudiow.com.br\/site\/wp-json\/wp\/v2\/posts\/18230\/revisions"}],"predecessor-version":[{"id":18234,"href":"https:\/\/radiostudiow.com.br\/site\/wp-json\/wp\/v2\/posts\/18230\/revisions\/18234"}],"wp:featuredmedia":[{"embeddable":true,"href":"https:\/\/radiostudiow.com.br\/site\/wp-json\/wp\/v2\/media\/18231"}],"wp:attachment":[{"href":"https:\/\/radiostudiow.com.br\/site\/wp-json\/wp\/v2\/media?parent=18230"}],"wp:term":[{"taxonomy":"category","embeddable":true,"href":"https:\/\/radiostudiow.com.br\/site\/wp-json\/wp\/v2\/categories?post=18230"},{"taxonomy":"post_tag","embeddable":true,"href":"https:\/\/radiostudiow.com.br\/site\/wp-json\/wp\/v2\/tags?post=18230"}],"curies":[{"name":"wp","href":"https:\/\/api.w.org\/{rel}","templated":true}]}}