{"id":18239,"date":"2023-12-27T16:44:32","date_gmt":"2023-12-27T19:44:32","guid":{"rendered":"https:\/\/radiostudiow.com.br\/site\/?p=18239"},"modified":"2025-01-31T15:02:24","modified_gmt":"2025-01-31T18:02:24","slug":"governo-do-estado-congela-novamente-as-taxas-do-detran-para-2024","status":"publish","type":"post","link":"https:\/\/radiostudiow.com.br\/site\/2023\/12\/27\/governo-do-estado-congela-novamente-as-taxas-do-detran-para-2024\/","title":{"rendered":"GOVERNO DO ESTADO CONGELA NOVAMENTE AS TAXAS DO DETRAN PARA 2024"},"content":{"rendered":"\n<p><em><strong>Mesmo tendo praticado a porcentagem m\u00ednima de aumento no ano passado, o reajuste n\u00e3o ser\u00e1 aplicado em 2024.<\/strong><\/em><\/p>\n\n\n\n<figure class=\"wp-block-image size-full\"><img decoding=\"async\" src=\"https:\/\/radiostudiow.com.br\/site\/wp-content\/uploads\/2023\/12\/SITE-PEQUENO3.png\" alt=\"\" class=\"wp-image-17616\"\/><\/figure>\n\n\n\n<p>O governador Carlos Massa Ratinho Junior determinou o congelamento de todas as taxas de servi\u00e7os do Departamento de Tr\u00e2nsito do Paran\u00e1 (Detran-PR) para o exerc\u00edcio de 2024.<\/p>\n\n\n\n<p>Entre as taxas que permanecem com valor inalterado est\u00e3o servi\u00e7os como primeira habilita\u00e7\u00e3o (R$ 275,64), emiss\u00e3o da Carteira Nacional de Habilita\u00e7\u00e3o (R$ 90,10), renova\u00e7\u00e3o da CNH (R$ 159,22) e transfer\u00eancia de propriedade (R$ 325,37), entre outros itens.<\/p>\n\n\n\n<p>O Detran-PR ficou quatro anos sem reajustar o valor das suas taxas \u2013 de 2018 a 2021 \u2013, per\u00edodo em que a corre\u00e7\u00e3o chegaria a quase 26%. Em 2022 a porcentagem da atualiza\u00e7\u00e3o foi de 5,13%, ou seja, um \u00edndice bem abaixo dos valores estipulados durante estes anos.<\/p>\n\n\n\n<p><em>\u201cNo ano passado j\u00e1 reajustamos as taxas do Detran e estamos fazendo o poss\u00edvel para n\u00e3o aumentar mais e onerar o bolso do paranaense\u201d, disse o diretor-presidente do Detran, Adriano Furtado.\u00a0De acordo com ele, os recursos obtidos s\u00e3o destinados a \u00f3rg\u00e3os de tr\u00e2nsito para benfeitorias e melhorias na \u00e1rea.<\/em><\/p>\n\n\n\n<figure class=\"wp-block-image size-full\"><img loading=\"lazy\" decoding=\"async\" width=\"300\" height=\"180\" src=\"https:\/\/radiostudiow.com.br\/site\/wp-content\/uploads\/2023\/10\/SITE-PEQUENO.png\" alt=\"\" class=\"wp-image-16508\"\/><\/figure>\n\n\n\n<p><strong>VALORES<\/strong>&nbsp;\u2013 A renova\u00e7\u00e3o respeita a Lei 11.019\/1994, que versa sobre a aplicabilidade da atualiza\u00e7\u00e3o mensal ou anual nos valores referentes a servi\u00e7os disponibilizados pelo departamento conforme com o IPCA.<\/p>\n\n\n\n<p>Os valores de arrecada\u00e7\u00e3o das taxas do Detran-PR s\u00e3o destinadas de acordo com o Decreto Estadual n\u00ba 5687\/2020, que distribui da seguinte maneira: 40% ao Detran-PR, compondo receita pr\u00f3pria da autarquia; 42% repassado ao Fundo Estadual de Seguran\u00e7a P\u00fablica (Funesp-PR); 13% ao Departamento de Estradas de Rodagem (DER\/SEIL); e 5% ao Fundo de Equipamento Agropecu\u00e1rio (FEAP), destinado \u00e0 constru\u00e7\u00e3o, pavimenta\u00e7\u00e3o, readequa\u00e7\u00e3o e conserva\u00e7\u00e3o de estradas rurais.<\/p>\n\n\n\n<figure class=\"wp-block-image size-large\"><img decoding=\"async\" src=\"https:\/\/radiostudiow.com.br\/site\/wp-content\/uploads\/2023\/12\/image-81-1024x387.png\" alt=\"\" class=\"wp-image-18066\"\/><\/figure>\n\n\n\n<p><em>FONTE: <a href=\"https:\/\/www.folhadeirati.com.br\/\" data-type=\"link\" data-id=\"https:\/\/www.folhadeirati.com.br\/\">Folha de Irati<\/a><\/em><\/p>\n","protected":false},"excerpt":{"rendered":"<p>Mesmo tendo praticado a porcentagem m\u00ednima de aumento no ano passado, o reajuste n\u00e3o ser\u00e1 aplicado em 2024. O governador Carlos Massa Ratinho Junior determinou o congelamento de todas as taxas de servi\u00e7os do Departamento de Tr\u00e2nsito do Paran\u00e1 (Detran-PR) para o exerc\u00edcio de 2024. Entre as taxas que permanecem com valor inalterado est\u00e3o servi\u00e7os [&hellip;]<\/p>\n","protected":false},"author":2,"featured_media":18240,"comment_status":"open","ping_status":"open","sticky":false,"template":"","format":"standard","meta":{"footnotes":""},"categories":[2],"tags":[172],"class_list":["post-18239","post","type-post","status-publish","format-standard","has-post-thumbnail","hentry","category-policial","tag-featured"],"amp_enabled":true,"_links":{"self":[{"href":"https:\/\/radiostudiow.com.br\/site\/wp-json\/wp\/v2\/posts\/18239","targetHints":{"allow":["GET"]}}],"collection":[{"href":"https:\/\/radiostudiow.com.br\/site\/wp-json\/wp\/v2\/posts"}],"about":[{"href":"https:\/\/radiostudiow.com.br\/site\/wp-json\/wp\/v2\/types\/post"}],"author":[{"embeddable":true,"href":"https:\/\/radiostudiow.com.br\/site\/wp-json\/wp\/v2\/users\/2"}],"replies":[{"embeddable":true,"href":"https:\/\/radiostudiow.com.br\/site\/wp-json\/wp\/v2\/comments?post=18239"}],"version-history":[{"count":1,"href":"https:\/\/radiostudiow.com.br\/site\/wp-json\/wp\/v2\/posts\/18239\/revisions"}],"predecessor-version":[{"id":18241,"href":"https:\/\/radiostudiow.com.br\/site\/wp-json\/wp\/v2\/posts\/18239\/revisions\/18241"}],"wp:featuredmedia":[{"embeddable":true,"href":"https:\/\/radiostudiow.com.br\/site\/wp-json\/wp\/v2\/media\/18240"}],"wp:attachment":[{"href":"https:\/\/radiostudiow.com.br\/site\/wp-json\/wp\/v2\/media?parent=18239"}],"wp:term":[{"taxonomy":"category","embeddable":true,"href":"https:\/\/radiostudiow.com.br\/site\/wp-json\/wp\/v2\/categories?post=18239"},{"taxonomy":"post_tag","embeddable":true,"href":"https:\/\/radiostudiow.com.br\/site\/wp-json\/wp\/v2\/tags?post=18239"}],"curies":[{"name":"wp","href":"https:\/\/api.w.org\/{rel}","templated":true}]}}