{"id":18253,"date":"2023-12-28T10:12:45","date_gmt":"2023-12-28T13:12:45","guid":{"rendered":"https:\/\/radiostudiow.com.br\/site\/?p=18253"},"modified":"2025-01-31T15:02:24","modified_gmt":"2025-01-31T18:02:24","slug":"jovem-que-morreu-em-cachoeira-de-cruz-machado-tentou-salvar-o-irmao-antes-de-ser-levada-pelas-aguas","status":"publish","type":"post","link":"https:\/\/radiostudiow.com.br\/site\/2023\/12\/28\/jovem-que-morreu-em-cachoeira-de-cruz-machado-tentou-salvar-o-irmao-antes-de-ser-levada-pelas-aguas\/","title":{"rendered":"JOVEM QUE MORREU EM CACHOEIRA DE CRUZ MACHADO TENTOU SALVAR O IRM\u00c3O ANTES DE SER LEVADA PELAS \u00c1GUAS"},"content":{"rendered":"\n<p><em>A t\u00e3o esperada e sonhada formatura estava pr\u00f3xima, com o Trabalho de Conclus\u00e3o de Curso, TCC, brilhantemente apresentado e avaliado com nota m\u00e1xima.\u00a0<strong>Patricia Jaqueline Bilenki de 23 anos,<\/strong>\u00a0uma jovem cheia de vida, sonhos, carinho e beleza, estava prestes a iniciar um cap\u00edtulo promissor em sua jornada.<\/em><\/p>\n\n\n\n<figure class=\"wp-block-image size-full\"><img decoding=\"async\" src=\"https:\/\/radiostudiow.com.br\/site\/wp-content\/uploads\/2023\/10\/SITE-GRANDE-1.png\" alt=\"\" class=\"wp-image-16374\"\/><\/figure>\n\n\n\n<p><strong>\u201cEla se tornou nosso anjo\u201d,<\/strong>\u00a0desabafa Regina Jak Weiwanko, tia de Patricia, que tragicamente perdeu a vida na\u00a0<strong><a href=\"https:\/\/radiostudiow.com.br\/site\/2023\/12\/26\/jovem-de-23-anos-morre-afogada-em-cachoeira-no-interior-de-cruz-machado\/?fbclid=IwAR1qMjtPTa4d-ABBq3I9ujhanCKAamLpEUe-IiUOfrvGYELjGN1Zn6Jbbdg\" data-type=\"link\" data-id=\"https:\/\/radiostudiow.com.br\/site\/2023\/12\/26\/jovem-de-23-anos-morre-afogada-em-cachoeira-no-interior-de-cruz-machado\/?fbclid=IwAR1qMjtPTa4d-ABBq3I9ujhanCKAamLpEUe-IiUOfrvGYELjGN1Zn6Jbbdg\">Cachoeira das Br\u00f3melias, localizada na divisa entre Uni\u00e3o da Vit\u00f3ria e Cruz Machado, em pleno dia de Natal, nessa segunda-feira (25).<\/a><\/strong><\/p>\n\n\n\n<p>Patricia, a \u00fanica menina entre quatro irm\u00e3os e a primeira neta menina da fam\u00edlia, sempre irradiava alegria e encantava a todos com sua beleza de cabelos loiros e ondulados.<\/p>\n\n\n\n<p>Desde os primeiros passos na Escola Aniz Domingos, no interior de Uni\u00e3o da Vit\u00f3ria, Patricia demonstrou dedica\u00e7\u00e3o aos estudos.\u00a0De uma fam\u00edlia simples, unida e batalhadora, ela buscou seus sonhos em Blumenau, Santa Catarina, onde, ap\u00f3s anos de esfor\u00e7o, concluiu sua jornada acad\u00eamica em novembro passado.\u00a0A t\u00e3o aguardada formatura estava marcada para mar\u00e7o de 2024, momento em que a fam\u00edlia celebraria com orgulho sua advogada.<\/p>\n\n\n\n<figure class=\"wp-block-image size-full\"><img decoding=\"async\" src=\"https:\/\/radiostudiow.com.br\/site\/wp-content\/uploads\/2023\/10\/SITE-GRANDE5.png\" alt=\"\" class=\"wp-image-16372\"\/><\/figure>\n\n\n\n<p><strong>25 de dezembro \u2013 Natal 2023<\/strong><\/p>\n\n\n\n<p>No dia 25 de dezembro, Natal, a fam\u00edlia decidiu fazer um passeio na Cachoeira das Br\u00f3melias, um dos pontos tur\u00edsticos da rota das cachoeiras, localizado a aproximadamente 15 km da propriedade Bilenki. Um local sempre frequentado por eles.&nbsp;Naquele dia, decidiram aproveitar as \u00e1guas. Infelizmente, o que era para ser um dia especial tornou-se uma trag\u00e9dia.<\/p>\n\n\n\n<p>Enquanto os irm\u00e3os e outros familiares estavam na \u00e1gua, um incidente se desenrolou.\u00a0Patricia, corajosa, tentou salvar o irm\u00e3o mais velho que se afogava, mas acabou sendo arrastada pela correnteza.\u00a0Mesmo com esfor\u00e7os desesperados, a correnteza impedia qualquer tentativa de resgate.\u00a0A m\u00e3e, os irm\u00e3os e um amigo se envolveram na situa\u00e7\u00e3o, mas Patricia foi levada pela for\u00e7a da \u00e1gua.<\/p>\n\n\n\n<blockquote class=\"wp-block-quote is-layout-flow wp-block-quote-is-layout-flow\">\n<p><strong>\u201cEla se tornou nosso anjo e salvou o irm\u00e3o\u201d,<\/strong>\u00a0relata emocionada a tia Regina.<\/p>\n<\/blockquote>\n\n\n\n<figure class=\"wp-block-image size-full\"><img loading=\"lazy\" decoding=\"async\" width=\"897\" height=\"204\" src=\"https:\/\/radiostudiow.com.br\/site\/wp-content\/uploads\/2023\/10\/SITE-GRANDE3.png\" alt=\"\" class=\"wp-image-16341\" srcset=\"https:\/\/radiostudiow.com.br\/site\/wp-content\/uploads\/2023\/10\/SITE-GRANDE3.png 897w, https:\/\/radiostudiow.com.br\/site\/wp-content\/uploads\/2023\/10\/SITE-GRANDE3-300x68.png 300w, https:\/\/radiostudiow.com.br\/site\/wp-content\/uploads\/2023\/10\/SITE-GRANDE3-768x175.png 768w\" sizes=\"auto, (max-width: 897px) 100vw, 897px\" \/><\/figure>\n\n\n\n<p>O corpo de Patricia foi localizado entre os galhos do rio, cerca de 1 quil\u00f4metro abaixo da cachoeira, quando os Bombeiros chegaram ao local por volta das 17h30 do dia 25.<strong>\u00a0 O resgate foi marcado pela ang\u00fastia da fam\u00edlia.<\/strong><\/p>\n\n\n\n<p>O sepultamento aconteceu rapidamente, \u00e0s 18h desta ter\u00e7a-feira, 26, mas a demora do Instituto M\u00e9dico Legal (IML) para liberar o corpo prolongou a dor da despedida. Patricia, cujo retorno a Blumenau estava agendado para 8 de janeiro, deixou um vazio irrepar\u00e1vel na vida de seus entes queridos.<\/p>\n","protected":false},"excerpt":{"rendered":"<p>A t\u00e3o esperada e sonhada formatura estava pr\u00f3xima, com o Trabalho de Conclus\u00e3o de Curso, TCC, brilhantemente apresentado e avaliado com nota m\u00e1xima.\u00a0Patricia Jaqueline Bilenki de 23 anos,\u00a0uma jovem cheia de vida, sonhos, carinho e beleza, estava prestes a iniciar um cap\u00edtulo promissor em sua jornada. \u201cEla se tornou nosso anjo\u201d,\u00a0desabafa Regina Jak Weiwanko, tia [&hellip;]<\/p>\n","protected":false},"author":2,"featured_media":18254,"comment_status":"open","ping_status":"open","sticky":false,"template":"","format":"standard","meta":{"footnotes":""},"categories":[185],"tags":[172],"class_list":["post-18253","post","type-post","status-publish","format-standard","has-post-thumbnail","hentry","category-regional","tag-featured"],"amp_enabled":true,"_links":{"self":[{"href":"https:\/\/radiostudiow.com.br\/site\/wp-json\/wp\/v2\/posts\/18253","targetHints":{"allow":["GET"]}}],"collection":[{"href":"https:\/\/radiostudiow.com.br\/site\/wp-json\/wp\/v2\/posts"}],"about":[{"href":"https:\/\/radiostudiow.com.br\/site\/wp-json\/wp\/v2\/types\/post"}],"author":[{"embeddable":true,"href":"https:\/\/radiostudiow.com.br\/site\/wp-json\/wp\/v2\/users\/2"}],"replies":[{"embeddable":true,"href":"https:\/\/radiostudiow.com.br\/site\/wp-json\/wp\/v2\/comments?post=18253"}],"version-history":[{"count":1,"href":"https:\/\/radiostudiow.com.br\/site\/wp-json\/wp\/v2\/posts\/18253\/revisions"}],"predecessor-version":[{"id":18255,"href":"https:\/\/radiostudiow.com.br\/site\/wp-json\/wp\/v2\/posts\/18253\/revisions\/18255"}],"wp:featuredmedia":[{"embeddable":true,"href":"https:\/\/radiostudiow.com.br\/site\/wp-json\/wp\/v2\/media\/18254"}],"wp:attachment":[{"href":"https:\/\/radiostudiow.com.br\/site\/wp-json\/wp\/v2\/media?parent=18253"}],"wp:term":[{"taxonomy":"category","embeddable":true,"href":"https:\/\/radiostudiow.com.br\/site\/wp-json\/wp\/v2\/categories?post=18253"},{"taxonomy":"post_tag","embeddable":true,"href":"https:\/\/radiostudiow.com.br\/site\/wp-json\/wp\/v2\/tags?post=18253"}],"curies":[{"name":"wp","href":"https:\/\/api.w.org\/{rel}","templated":true}]}}