{"id":18256,"date":"2023-12-28T10:24:08","date_gmt":"2023-12-28T13:24:08","guid":{"rendered":"https:\/\/radiostudiow.com.br\/site\/?p=18256"},"modified":"2025-01-31T15:02:24","modified_gmt":"2025-01-31T18:02:24","slug":"idoso-esta-desaparecido-desde-o-dia-24-de-dezembro-em-uniao-da-vitoria","status":"publish","type":"post","link":"https:\/\/radiostudiow.com.br\/site\/2023\/12\/28\/idoso-esta-desaparecido-desde-o-dia-24-de-dezembro-em-uniao-da-vitoria\/","title":{"rendered":"IDOSO EST\u00c1 DESAPARECIDO DESDE O DIA 24 DE DEZEMBRO EM UNI\u00c3O DA VIT\u00d3RIA"},"content":{"rendered":"\n<p><em><strong>O idoso Jo\u00e3o Tonki, de 86 anos, est\u00e1 desaparecido desde o domingo, 24 de Dezembro, ele \u00e9 morador do bairro Nossa Senhora do Rocio, em Uni\u00e3o da Vit\u00f3ria.<\/strong><\/em><\/p>\n\n\n\n<figure class=\"wp-block-image size-full\"><img decoding=\"async\" src=\"https:\/\/radiostudiow.com.br\/site\/wp-content\/uploads\/2023\/10\/SITE-GRANDE2.png\" alt=\"\" class=\"wp-image-16368\"\/><\/figure>\n\n\n\n<p>De acordo com os familiares, um conhecido informou que ele teria encontrado Jo\u00e3o por volta das 17:00 horas e notou que ele n\u00e3o estava bem, logo em seguida, o idoso n\u00e3o deu mais not\u00edcias para a fam\u00edlia.<\/p>\n\n\n\n<p>Jo\u00e3o mora sozinho e a fam\u00edlia constatou que ele saiu de casa com o cart\u00e3o do banco, RG e CPF. Por\u00e9m, o cart\u00e3o do banco n\u00e3o foi usado.<\/p>\n\n\n\n<p><strong>O idoso sumiu trajando uma roupa vermelha. A fam\u00edlia pede que qualquer informa\u00e7\u00e3o seja repassada para \u00e0 pol\u00edcia pelo 190.<\/strong><\/p>\n\n\n\n<figure class=\"wp-block-image size-full\"><img decoding=\"async\" src=\"https:\/\/radiostudiow.com.br\/site\/wp-content\/uploads\/2023\/10\/SITE-GRANDE5.png\" alt=\"\" class=\"wp-image-16372\"\/><\/figure>\n","protected":false},"excerpt":{"rendered":"<p>O idoso Jo\u00e3o Tonki, de 86 anos, est\u00e1 desaparecido desde o domingo, 24 de Dezembro, ele \u00e9 morador do bairro Nossa Senhora do Rocio, em Uni\u00e3o da Vit\u00f3ria. De acordo com os familiares, um conhecido informou que ele teria encontrado Jo\u00e3o por volta das 17:00 horas e notou que ele n\u00e3o estava bem, logo em [&hellip;]<\/p>\n","protected":false},"author":2,"featured_media":18257,"comment_status":"open","ping_status":"open","sticky":false,"template":"","format":"standard","meta":{"footnotes":""},"categories":[2],"tags":[172],"class_list":["post-18256","post","type-post","status-publish","format-standard","has-post-thumbnail","hentry","category-policial","tag-featured"],"amp_enabled":true,"_links":{"self":[{"href":"https:\/\/radiostudiow.com.br\/site\/wp-json\/wp\/v2\/posts\/18256","targetHints":{"allow":["GET"]}}],"collection":[{"href":"https:\/\/radiostudiow.com.br\/site\/wp-json\/wp\/v2\/posts"}],"about":[{"href":"https:\/\/radiostudiow.com.br\/site\/wp-json\/wp\/v2\/types\/post"}],"author":[{"embeddable":true,"href":"https:\/\/radiostudiow.com.br\/site\/wp-json\/wp\/v2\/users\/2"}],"replies":[{"embeddable":true,"href":"https:\/\/radiostudiow.com.br\/site\/wp-json\/wp\/v2\/comments?post=18256"}],"version-history":[{"count":2,"href":"https:\/\/radiostudiow.com.br\/site\/wp-json\/wp\/v2\/posts\/18256\/revisions"}],"predecessor-version":[{"id":18268,"href":"https:\/\/radiostudiow.com.br\/site\/wp-json\/wp\/v2\/posts\/18256\/revisions\/18268"}],"wp:featuredmedia":[{"embeddable":true,"href":"https:\/\/radiostudiow.com.br\/site\/wp-json\/wp\/v2\/media\/18257"}],"wp:attachment":[{"href":"https:\/\/radiostudiow.com.br\/site\/wp-json\/wp\/v2\/media?parent=18256"}],"wp:term":[{"taxonomy":"category","embeddable":true,"href":"https:\/\/radiostudiow.com.br\/site\/wp-json\/wp\/v2\/categories?post=18256"},{"taxonomy":"post_tag","embeddable":true,"href":"https:\/\/radiostudiow.com.br\/site\/wp-json\/wp\/v2\/tags?post=18256"}],"curies":[{"name":"wp","href":"https:\/\/api.w.org\/{rel}","templated":true}]}}